{"id":5482,"date":"2025-05-06T10:14:37","date_gmt":"2025-05-06T10:14:37","guid":{"rendered":"https:\/\/ontologiatrinitaria.org\/reserven-la-fecha-ddot-en-la-feria-del-libro-de-turin-2025\/"},"modified":"2026-03-11T15:37:16","modified_gmt":"2026-03-11T15:37:16","slug":"reserven-la-fecha-ddot-en-la-feria-del-libro-de-turin-2025","status":"publish","type":"post","link":"https:\/\/ontologiatrinitaria.org\/es\/reserven-la-fecha-ddot-en-la-feria-del-libro-de-turin-2025\/","title":{"rendered":"Reserven la fecha: DDOT en la Feria del Libro de Tur\u00edn 2025"},"content":{"rendered":"\n<p id=\"block-8Whl2CAlOs\" class=\"wp-block-nectar-blocks-text nectar-blocks-text\">El Diccionario Din\u00e1mico de Ontolog\u00eda Trinitaria ser\u00e1 presentado en la Feria del Libro de Tur\u00edn, el jueves 15 de mayo de 2025 a las 17:00: ser\u00e1 la ocasi\u00f3n de di\u00e1logo sobre los \u00faltimos vol\u00famenes publicados. <\/p>\n\n<p id=\"block-hyHM4aJpC8\" class=\"wp-block-nectar-blocks-text nectar-blocks-text\">Este es el enlace para adquirir la entrada con descuento anticipado en l\u00ednea: https:\/\/biglietteria.salonelibro.it<\/p>\n","protected":false},"excerpt":{"rendered":"","protected":false},"author":5,"featured_media":5460,"comment_status":"closed","ping_status":"open","sticky":false,"template":"","format":"standard","meta":{"_nectar_blocks_hide_post_title":false,"_nectar_blocks_transparent_header_effect":false,"_nectar_blocks_transparent_header_effect_color":"light","_nectar_blocks_header_animation":false,"_nectar_blocks_header_animation_delay":0,"_nectar_blocks_header_animation_effect":"fade","_nectar_blocks_page_css":"","_nectar_blocks_page_js":"","footnotes":""},"categories":[205],"tags":[],"class_list":{"0":"post-5482","1":"post","2":"type-post","3":"status-publish","4":"format-standard","5":"has-post-thumbnail","7":"category-italia"},"yoast_head":"<!-- This site is optimized with the Yoast SEO plugin v27.2 - https:\/\/yoast.com\/product\/yoast-seo-wordpress\/ -->\n<title>Reserven la fecha: DDOT en la Feria del Libro de Tur\u00edn 2025 - Ontologia Trinitaria<\/title>\n<meta name=\"robots\" content=\"index, follow, max-snippet:-1, max-image-preview:large, max-video-preview:-1\" \/>\n<link rel=\"canonical\" href=\"https:\/\/ontologiatrinitaria.org\/es\/reserven-la-fecha-ddot-en-la-feria-del-libro-de-turin-2025\/\" \/>\n<meta property=\"og:locale\" content=\"es_ES\" \/>\n<meta property=\"og:type\" content=\"article\" \/>\n<meta property=\"og:title\" content=\"Reserven la fecha: DDOT en la Feria del Libro de Tur\u00edn 2025 - Ontologia Trinitaria\" \/>\n<meta property=\"og:url\" content=\"https:\/\/ontologiatrinitaria.org\/es\/reserven-la-fecha-ddot-en-la-feria-del-libro-de-turin-2025\/\" \/>\n<meta property=\"og:site_name\" content=\"Ontologia Trinitaria\" \/>\n<meta property=\"article:publisher\" content=\"https:\/\/www.facebook.com\/ontologiatrinitaria\" \/>\n<meta property=\"article:published_time\" content=\"2025-05-06T10:14:37+00:00\" \/>\n<meta property=\"article:modified_time\" content=\"2026-03-11T15:37:16+00:00\" \/>\n<meta property=\"og:image\" content=\"https:\/\/ontologiatrinitaria.org\/wp-content\/uploads\/2023\/05\/torino.jpg\" \/>\n\t<meta property=\"og:image:width\" content=\"1024\" \/>\n\t<meta property=\"og:image:height\" content=\"678\" \/>\n\t<meta property=\"og:image:type\" content=\"image\/jpeg\" \/>\n<meta name=\"author\" content=\"OT\" \/>\n<meta name=\"twitter:card\" content=\"summary_large_image\" \/>\n<meta name=\"twitter:label1\" content=\"Escrito por\" \/>\n\t<meta name=\"twitter:data1\" content=\"OT\" \/>\n<script type=\"application\/ld+json\" class=\"yoast-schema-graph\">{\"@context\":\"https:\/\/schema.org\",\"@graph\":[{\"@type\":\"Article\",\"@id\":\"https:\/\/ontologiatrinitaria.org\/es\/reserven-la-fecha-ddot-en-la-feria-del-libro-de-turin-2025\/#article\",\"isPartOf\":{\"@id\":\"https:\/\/ontologiatrinitaria.org\/es\/reserven-la-fecha-ddot-en-la-feria-del-libro-de-turin-2025\/\"},\"author\":{\"name\":\"OT\",\"@id\":\"https:\/\/ontologiatrinitaria.org\/es\/#\/schema\/person\/ee5d90536872f1469195cf0363cff6ed\"},\"headline\":\"Reserven la fecha: DDOT en la Feria del Libro de Tur\u00edn 2025\",\"datePublished\":\"2025-05-06T10:14:37+00:00\",\"dateModified\":\"2026-03-11T15:37:16+00:00\",\"mainEntityOfPage\":{\"@id\":\"https:\/\/ontologiatrinitaria.org\/es\/reserven-la-fecha-ddot-en-la-feria-del-libro-de-turin-2025\/\"},\"wordCount\":68,\"publisher\":{\"@id\":\"https:\/\/ontologiatrinitaria.org\/es\/#organization\"},\"image\":{\"@id\":\"https:\/\/ontologiatrinitaria.org\/es\/reserven-la-fecha-ddot-en-la-feria-del-libro-de-turin-2025\/#primaryimage\"},\"thumbnailUrl\":\"https:\/\/ontologiatrinitaria.org\/wp-content\/uploads\/2023\/05\/torino.jpg\",\"articleSection\":[\"Italia\"],\"inLanguage\":\"es\"},{\"@type\":\"WebPage\",\"@id\":\"https:\/\/ontologiatrinitaria.org\/es\/reserven-la-fecha-ddot-en-la-feria-del-libro-de-turin-2025\/\",\"url\":\"https:\/\/ontologiatrinitaria.org\/es\/reserven-la-fecha-ddot-en-la-feria-del-libro-de-turin-2025\/\",\"name\":\"Reserven la fecha: DDOT en la Feria del Libro de Tur\u00edn 2025 - Ontologia Trinitaria\",\"isPartOf\":{\"@id\":\"https:\/\/ontologiatrinitaria.org\/es\/#website\"},\"primaryImageOfPage\":{\"@id\":\"https:\/\/ontologiatrinitaria.org\/es\/reserven-la-fecha-ddot-en-la-feria-del-libro-de-turin-2025\/#primaryimage\"},\"image\":{\"@id\":\"https:\/\/ontologiatrinitaria.org\/es\/reserven-la-fecha-ddot-en-la-feria-del-libro-de-turin-2025\/#primaryimage\"},\"thumbnailUrl\":\"https:\/\/ontologiatrinitaria.org\/wp-content\/uploads\/2023\/05\/torino.jpg\",\"datePublished\":\"2025-05-06T10:14:37+00:00\",\"dateModified\":\"2026-03-11T15:37:16+00:00\",\"breadcrumb\":{\"@id\":\"https:\/\/ontologiatrinitaria.org\/es\/reserven-la-fecha-ddot-en-la-feria-del-libro-de-turin-2025\/#breadcrumb\"},\"inLanguage\":\"es\",\"potentialAction\":[{\"@type\":\"ReadAction\",\"target\":[\"https:\/\/ontologiatrinitaria.org\/es\/reserven-la-fecha-ddot-en-la-feria-del-libro-de-turin-2025\/\"]}]},{\"@type\":\"ImageObject\",\"inLanguage\":\"es\",\"@id\":\"https:\/\/ontologiatrinitaria.org\/es\/reserven-la-fecha-ddot-en-la-feria-del-libro-de-turin-2025\/#primaryimage\",\"url\":\"https:\/\/ontologiatrinitaria.org\/wp-content\/uploads\/2023\/05\/torino.jpg\",\"contentUrl\":\"https:\/\/ontologiatrinitaria.org\/wp-content\/uploads\/2023\/05\/torino.jpg\",\"width\":1024,\"height\":678},{\"@type\":\"BreadcrumbList\",\"@id\":\"https:\/\/ontologiatrinitaria.org\/es\/reserven-la-fecha-ddot-en-la-feria-del-libro-de-turin-2025\/#breadcrumb\",\"itemListElement\":[{\"@type\":\"ListItem\",\"position\":1,\"name\":\"Home\",\"item\":\"https:\/\/ontologiatrinitaria.org\/es\/\"},{\"@type\":\"ListItem\",\"position\":2,\"name\":\"Reserven la fecha: DDOT en la Feria del Libro de Tur\u00edn 2025\"}]},{\"@type\":\"WebSite\",\"@id\":\"https:\/\/ontologiatrinitaria.org\/es\/#website\",\"url\":\"https:\/\/ontologiatrinitaria.org\/es\/\",\"name\":\"Ontologia Trinitaria\",\"description\":\"Itinerari e ricerche\",\"publisher\":{\"@id\":\"https:\/\/ontologiatrinitaria.org\/es\/#organization\"},\"potentialAction\":[{\"@type\":\"SearchAction\",\"target\":{\"@type\":\"EntryPoint\",\"urlTemplate\":\"https:\/\/ontologiatrinitaria.org\/es\/?s={search_term_string}\"},\"query-input\":{\"@type\":\"PropertyValueSpecification\",\"valueRequired\":true,\"valueName\":\"search_term_string\"}}],\"inLanguage\":\"es\"},{\"@type\":\"Organization\",\"@id\":\"https:\/\/ontologiatrinitaria.org\/es\/#organization\",\"name\":\"Ontologia Trinitaria\",\"url\":\"https:\/\/ontologiatrinitaria.org\/es\/\",\"logo\":{\"@type\":\"ImageObject\",\"inLanguage\":\"es\",\"@id\":\"https:\/\/ontologiatrinitaria.org\/es\/#\/schema\/logo\/image\/\",\"url\":\"https:\/\/ontologiatrinitaria.org\/wp-content\/uploads\/2025\/06\/logo_colore2.png\",\"contentUrl\":\"https:\/\/ontologiatrinitaria.org\/wp-content\/uploads\/2025\/06\/logo_colore2.png\",\"width\":402,\"height\":169,\"caption\":\"Ontologia Trinitaria\"},\"image\":{\"@id\":\"https:\/\/ontologiatrinitaria.org\/es\/#\/schema\/logo\/image\/\"},\"sameAs\":[\"https:\/\/www.facebook.com\/ontologiatrinitaria\",\"https:\/\/www.instagram.com\/ontologiatrinitaria\/\"]},{\"@type\":\"Person\",\"@id\":\"https:\/\/ontologiatrinitaria.org\/es\/#\/schema\/person\/ee5d90536872f1469195cf0363cff6ed\",\"name\":\"OT\",\"image\":{\"@type\":\"ImageObject\",\"inLanguage\":\"es\",\"@id\":\"https:\/\/secure.gravatar.com\/avatar\/71d4a5d5aff01f1a70ca9a88d0b5c92e05f68cacd434993e2269f7d766c57851?s=96&d=mm&r=g\",\"url\":\"https:\/\/secure.gravatar.com\/avatar\/71d4a5d5aff01f1a70ca9a88d0b5c92e05f68cacd434993e2269f7d766c57851?s=96&d=mm&r=g\",\"contentUrl\":\"https:\/\/secure.gravatar.com\/avatar\/71d4a5d5aff01f1a70ca9a88d0b5c92e05f68cacd434993e2269f7d766c57851?s=96&d=mm&r=g\",\"caption\":\"OT\"},\"url\":\"https:\/\/ontologiatrinitaria.org\/es\/author\/julie_tremblay\/\"}]}<\/script>\n<!-- \/ Yoast SEO plugin. -->","yoast_head_json":{"title":"Reserven la fecha: DDOT en la Feria del Libro de Tur\u00edn 2025 - Ontologia Trinitaria","robots":{"index":"index","follow":"follow","max-snippet":"max-snippet:-1","max-image-preview":"max-image-preview:large","max-video-preview":"max-video-preview:-1"},"canonical":"https:\/\/ontologiatrinitaria.org\/es\/reserven-la-fecha-ddot-en-la-feria-del-libro-de-turin-2025\/","og_locale":"es_ES","og_type":"article","og_title":"Reserven la fecha: DDOT en la Feria del Libro de Tur\u00edn 2025 - Ontologia Trinitaria","og_url":"https:\/\/ontologiatrinitaria.org\/es\/reserven-la-fecha-ddot-en-la-feria-del-libro-de-turin-2025\/","og_site_name":"Ontologia Trinitaria","article_publisher":"https:\/\/www.facebook.com\/ontologiatrinitaria","article_published_time":"2025-05-06T10:14:37+00:00","article_modified_time":"2026-03-11T15:37:16+00:00","og_image":[{"width":1024,"height":678,"url":"https:\/\/ontologiatrinitaria.org\/wp-content\/uploads\/2023\/05\/torino.jpg","type":"image\/jpeg"}],"author":"OT","twitter_card":"summary_large_image","twitter_misc":{"Escrito por":"OT"},"schema":{"@context":"https:\/\/schema.org","@graph":[{"@type":"Article","@id":"https:\/\/ontologiatrinitaria.org\/es\/reserven-la-fecha-ddot-en-la-feria-del-libro-de-turin-2025\/#article","isPartOf":{"@id":"https:\/\/ontologiatrinitaria.org\/es\/reserven-la-fecha-ddot-en-la-feria-del-libro-de-turin-2025\/"},"author":{"name":"OT","@id":"https:\/\/ontologiatrinitaria.org\/es\/#\/schema\/person\/ee5d90536872f1469195cf0363cff6ed"},"headline":"Reserven la fecha: DDOT en la Feria del Libro de Tur\u00edn 2025","datePublished":"2025-05-06T10:14:37+00:00","dateModified":"2026-03-11T15:37:16+00:00","mainEntityOfPage":{"@id":"https:\/\/ontologiatrinitaria.org\/es\/reserven-la-fecha-ddot-en-la-feria-del-libro-de-turin-2025\/"},"wordCount":68,"publisher":{"@id":"https:\/\/ontologiatrinitaria.org\/es\/#organization"},"image":{"@id":"https:\/\/ontologiatrinitaria.org\/es\/reserven-la-fecha-ddot-en-la-feria-del-libro-de-turin-2025\/#primaryimage"},"thumbnailUrl":"https:\/\/ontologiatrinitaria.org\/wp-content\/uploads\/2023\/05\/torino.jpg","articleSection":["Italia"],"inLanguage":"es"},{"@type":"WebPage","@id":"https:\/\/ontologiatrinitaria.org\/es\/reserven-la-fecha-ddot-en-la-feria-del-libro-de-turin-2025\/","url":"https:\/\/ontologiatrinitaria.org\/es\/reserven-la-fecha-ddot-en-la-feria-del-libro-de-turin-2025\/","name":"Reserven la fecha: DDOT en la Feria del Libro de Tur\u00edn 2025 - Ontologia Trinitaria","isPartOf":{"@id":"https:\/\/ontologiatrinitaria.org\/es\/#website"},"primaryImageOfPage":{"@id":"https:\/\/ontologiatrinitaria.org\/es\/reserven-la-fecha-ddot-en-la-feria-del-libro-de-turin-2025\/#primaryimage"},"image":{"@id":"https:\/\/ontologiatrinitaria.org\/es\/reserven-la-fecha-ddot-en-la-feria-del-libro-de-turin-2025\/#primaryimage"},"thumbnailUrl":"https:\/\/ontologiatrinitaria.org\/wp-content\/uploads\/2023\/05\/torino.jpg","datePublished":"2025-05-06T10:14:37+00:00","dateModified":"2026-03-11T15:37:16+00:00","breadcrumb":{"@id":"https:\/\/ontologiatrinitaria.org\/es\/reserven-la-fecha-ddot-en-la-feria-del-libro-de-turin-2025\/#breadcrumb"},"inLanguage":"es","potentialAction":[{"@type":"ReadAction","target":["https:\/\/ontologiatrinitaria.org\/es\/reserven-la-fecha-ddot-en-la-feria-del-libro-de-turin-2025\/"]}]},{"@type":"ImageObject","inLanguage":"es","@id":"https:\/\/ontologiatrinitaria.org\/es\/reserven-la-fecha-ddot-en-la-feria-del-libro-de-turin-2025\/#primaryimage","url":"https:\/\/ontologiatrinitaria.org\/wp-content\/uploads\/2023\/05\/torino.jpg","contentUrl":"https:\/\/ontologiatrinitaria.org\/wp-content\/uploads\/2023\/05\/torino.jpg","width":1024,"height":678},{"@type":"BreadcrumbList","@id":"https:\/\/ontologiatrinitaria.org\/es\/reserven-la-fecha-ddot-en-la-feria-del-libro-de-turin-2025\/#breadcrumb","itemListElement":[{"@type":"ListItem","position":1,"name":"Home","item":"https:\/\/ontologiatrinitaria.org\/es\/"},{"@type":"ListItem","position":2,"name":"Reserven la fecha: DDOT en la Feria del Libro de Tur\u00edn 2025"}]},{"@type":"WebSite","@id":"https:\/\/ontologiatrinitaria.org\/es\/#website","url":"https:\/\/ontologiatrinitaria.org\/es\/","name":"Ontologia Trinitaria","description":"Itinerari e ricerche","publisher":{"@id":"https:\/\/ontologiatrinitaria.org\/es\/#organization"},"potentialAction":[{"@type":"SearchAction","target":{"@type":"EntryPoint","urlTemplate":"https:\/\/ontologiatrinitaria.org\/es\/?s={search_term_string}"},"query-input":{"@type":"PropertyValueSpecification","valueRequired":true,"valueName":"search_term_string"}}],"inLanguage":"es"},{"@type":"Organization","@id":"https:\/\/ontologiatrinitaria.org\/es\/#organization","name":"Ontologia Trinitaria","url":"https:\/\/ontologiatrinitaria.org\/es\/","logo":{"@type":"ImageObject","inLanguage":"es","@id":"https:\/\/ontologiatrinitaria.org\/es\/#\/schema\/logo\/image\/","url":"https:\/\/ontologiatrinitaria.org\/wp-content\/uploads\/2025\/06\/logo_colore2.png","contentUrl":"https:\/\/ontologiatrinitaria.org\/wp-content\/uploads\/2025\/06\/logo_colore2.png","width":402,"height":169,"caption":"Ontologia Trinitaria"},"image":{"@id":"https:\/\/ontologiatrinitaria.org\/es\/#\/schema\/logo\/image\/"},"sameAs":["https:\/\/www.facebook.com\/ontologiatrinitaria","https:\/\/www.instagram.com\/ontologiatrinitaria\/"]},{"@type":"Person","@id":"https:\/\/ontologiatrinitaria.org\/es\/#\/schema\/person\/ee5d90536872f1469195cf0363cff6ed","name":"OT","image":{"@type":"ImageObject","inLanguage":"es","@id":"https:\/\/secure.gravatar.com\/avatar\/71d4a5d5aff01f1a70ca9a88d0b5c92e05f68cacd434993e2269f7d766c57851?s=96&d=mm&r=g","url":"https:\/\/secure.gravatar.com\/avatar\/71d4a5d5aff01f1a70ca9a88d0b5c92e05f68cacd434993e2269f7d766c57851?s=96&d=mm&r=g","contentUrl":"https:\/\/secure.gravatar.com\/avatar\/71d4a5d5aff01f1a70ca9a88d0b5c92e05f68cacd434993e2269f7d766c57851?s=96&d=mm&r=g","caption":"OT"},"url":"https:\/\/ontologiatrinitaria.org\/es\/author\/julie_tremblay\/"}]}},"_links":{"self":[{"href":"https:\/\/ontologiatrinitaria.org\/es\/wp-json\/wp\/v2\/posts\/5482","targetHints":{"allow":["GET"]}}],"collection":[{"href":"https:\/\/ontologiatrinitaria.org\/es\/wp-json\/wp\/v2\/posts"}],"about":[{"href":"https:\/\/ontologiatrinitaria.org\/es\/wp-json\/wp\/v2\/types\/post"}],"author":[{"embeddable":true,"href":"https:\/\/ontologiatrinitaria.org\/es\/wp-json\/wp\/v2\/users\/5"}],"replies":[{"embeddable":true,"href":"https:\/\/ontologiatrinitaria.org\/es\/wp-json\/wp\/v2\/comments?post=5482"}],"version-history":[{"count":2,"href":"https:\/\/ontologiatrinitaria.org\/es\/wp-json\/wp\/v2\/posts\/5482\/revisions"}],"predecessor-version":[{"id":5501,"href":"https:\/\/ontologiatrinitaria.org\/es\/wp-json\/wp\/v2\/posts\/5482\/revisions\/5501"}],"wp:featuredmedia":[{"embeddable":true,"href":"https:\/\/ontologiatrinitaria.org\/es\/wp-json\/wp\/v2\/media\/5460"}],"wp:attachment":[{"href":"https:\/\/ontologiatrinitaria.org\/es\/wp-json\/wp\/v2\/media?parent=5482"}],"wp:term":[{"taxonomy":"category","embeddable":true,"href":"https:\/\/ontologiatrinitaria.org\/es\/wp-json\/wp\/v2\/categories?post=5482"},{"taxonomy":"post_tag","embeddable":true,"href":"https:\/\/ontologiatrinitaria.org\/es\/wp-json\/wp\/v2\/tags?post=5482"}],"curies":[{"name":"wp","href":"https:\/\/api.w.org\/{rel}","templated":true}]}}