{"id":5483,"date":"2026-02-12T14:20:22","date_gmt":"2026-02-12T14:20:22","guid":{"rendered":"https:\/\/ontologiatrinitaria.org\/miradas-trinitarias-sobre-lo-social-en-tarento-20-de-febrero-de-2026\/"},"modified":"2026-03-11T15:37:13","modified_gmt":"2026-03-11T15:37:13","slug":"miradas-trinitarias-sobre-lo-social-en-tarento-20-de-febrero-de-2026","status":"publish","type":"post","link":"https:\/\/ontologiatrinitaria.org\/es\/miradas-trinitarias-sobre-lo-social-en-tarento-20-de-febrero-de-2026\/","title":{"rendered":"\u00abMiradas trinitarias sobre lo social\u00bb en Tarento (20 de febrero de 2026)"},"content":{"rendered":"\n<div class=\"wp-block-nectar-blocks-row alignfull nectar-block nectar-blocks-row nectar-blocks-row__inner nectar-blocks-row__wrapper parent-block-block-1ijWx5ZKNk\" id=\"block-1ijWx5ZKNk\">\n<div class=\"wp-block-nectar-blocks-column nectar-blocks-column nectar-block\" id=\"block-2zQDDnEAht\"><div class=\"nectar-blocks-column__inner nectar-blocks-column__content-wrap parent-block-block-2zQDDnEAht nectar-blocks-column__wrapper\">\n<div class=\"wp-block-nectar-blocks-row alignfull nectar-block nectar-blocks-row nectar-blocks-row__inner nectar-blocks-row__wrapper parent-block-block-FlAX5ZHJJI\" id=\"block-FlAX5ZHJJI\">\n<div class=\"wp-block-nectar-blocks-column nectar-blocks-column nectar-block\" id=\"block-jHZvlRbFXc\"><div class=\"nectar-blocks-column__wrapper parent-block-block-jHZvlRbFXc\"><div class=\"nectar-blocks-column__inner nectar-blocks-column__content-wrap parent-block-block-jHZvlRbFXc\">\n<h3 id=\"block-NHOMFSZY95\" class=\"wp-block-nectar-blocks-text nectar-blocks-text nectar-font-h1\">Reserva la fecha: 20 de febrero en Tarento<\/h3>\n<\/div><\/div><\/div>\n<\/div>\n\n\n\n<div class=\"wp-block-nectar-blocks-row nectar-block nectar-blocks-row nectar-blocks-row__inner nectar-blocks-row__wrapper parent-block-block-jhmF0qpzT3\" id=\"block-jhmF0qpzT3\">\n<div class=\"wp-block-nectar-blocks-column nectar-blocks-column nectar-block\" id=\"block-VVfXPkGBVV\"><div class=\"nectar-blocks-column__inner nectar-blocks-column__content-wrap parent-block-block-VVfXPkGBVV nectar-blocks-column__wrapper\"><\/div><\/div>\n\n\n\n<div class=\"wp-block-nectar-blocks-column nectar-blocks-column nectar-block\" id=\"block-NkCScOhjdP\"><div class=\"nectar-blocks-column__inner nectar-blocks-column__content-wrap parent-block-block-NkCScOhjdP nectar-blocks-column__wrapper\">\n<p id=\"block-HkWyJUaKH3\" class=\"wp-block-nectar-blocks-text nectar-blocks-text nectar-font-h3\">\u00abCuando hay una visi\u00f3n, incluso el desierto se convierte en camino\u00bb<\/p>\n\n\n\n<div class=\"wp-block-nectar-blocks-flex-box nectar-block nectar-blocks-flex-box nectar-blocks-flex-box__inner nectar-blocks-flex-box__wrapper parent-block-block-Mv97l5cMPM\" id=\"block-Mv97l5cMPM\">\n<h3 id=\"block-0IeSjsrgkr\" class=\"wp-block-nectar-blocks-text nectar-blocks-text nectar-font-h4\"><strong>20 de febrero de 2026<\/strong>, <strong>15:30 h<\/strong><\/h3>\n\n\n\n<div class=\"wp-block-nectar-blocks-divider nectar-blocks-divider\" id=\"block-yOqnfqSrWC\"><div class=\"nectar-blocks-divider__inner\"><div class=\"nectar__bg-layers parent-block-block-yOqnfqSrWC\"><div class=\"nectar__bg-layer nectar__bg-color\"><\/div><\/div><span class=\"nectar-blocks-divider__line\"><\/span><\/div><\/div>\n\n\n\n<p id=\"block-MKXTBfpUO1\" class=\"wp-block-nectar-blocks-text nectar-blocks-text nectar-font-h4\"><strong>Universidad de Estudios de Bari Aldo Moro,<br\/>Tarento, via Duomo 259<\/strong><\/p>\n<\/div>\n\n\n\n<p id=\"block-DoH16LrjWn\" class=\"wp-block-nectar-blocks-text nectar-blocks-text nectar-font-body\">Presentaci\u00f3n del libro <a href=\"https:\/\/www.cacuccieditore.it\/sguardi-trinitari-sul-sociale-per-un-nuovo-pensiero-agente-nel-territorio\" type=\"link\" id=\"https:\/\/www.cacuccieditore.it\/sguardi-trinitari-sul-sociale-per-un-nuovo-pensiero-agente-nel-territorio\">Miradas trinitarias<\/a> sobre lo social, editado por Piero Coda y Antonio Incampo (Cacucci Editore, Bari 2025).<\/p>\n\n\n\n<p id=\"block-EiDaquBVLq\" class=\"wp-block-nectar-blocks-text nectar-blocks-text nectar-font-body\">Con introducci\u00f3n de Mario Castellana y coordinaci\u00f3n de Gabriella Ressa, en di\u00e1logo con los editores, intervendr\u00e1n: Massimo Don\u00e0, Lidia Greco, Antonio Iaccarino, Fiorella Occhinegro, Claudia Sanesi y Davide Tabarelli<\/p>\n\n\n\n<div class=\"wp-block-nectar-blocks-flex-box nectar-block nectar-blocks-flex-box nectar-blocks-flex-box__inner nectar-blocks-flex-box__wrapper parent-block-block-avJsr1Mq9y\" id=\"block-avJsr1Mq9y\">\n<p id=\"block-SlB3E9OW2H\" class=\"wp-block-nectar-blocks-text nectar-blocks-text nectar-font-h2\">Los editores del volumen<\/p>\n\n\n\n<div class=\"wp-block-nectar-blocks-icon-list nectar-blocks-icon-list\" id=\"block-FmlXLEiU8E\"><div class=\"nectar-blocks-icon-list__inner nectar-font-body parent-block-FmlXLEiU8E\">\n<div class=\"wp-block-nectar-blocks-icon-list-item nectar-blocks-icon-list-item\" id=\"block-m3zpOJV7pg\"><span class=\"nectar-component__icon icon-source--remix\"><svg role=\"none\" xmlns=\"http:\/\/www.w3.org\/2000\/svg\" viewbox=\"0 0 24 24\" fill=\"currentColor\"><path d=\"M12 22C17.5228 22 22 17.5228 22 12C22 6.47715 17.5228 2 12 2C6.47715 2 2 6.47715 2 12C2 17.5228 6.47715 22 12 22Z\"><\/path><\/svg><\/span><div class=\"nectar-blocks-icon-list-item__content\"><strong>Piero Coda<br\/><\/strong>Secretario general de la Comisi\u00f3n Teol\u00f3gica Internacional<\/div><\/div>\n\n\n\n<div class=\"wp-block-nectar-blocks-icon-list-item nectar-blocks-icon-list-item\" id=\"block-9vpKWupKwd\"><span class=\"nectar-component__icon icon-source--remix\"><svg role=\"none\" xmlns=\"http:\/\/www.w3.org\/2000\/svg\" viewbox=\"0 0 24 24\" fill=\"currentColor\"><path d=\"M12 22C17.5228 22 22 17.5228 22 12C22 6.47715 17.5228 2 12 2C6.47715 2 2 6.47715 2 12C2 17.5228 6.47715 22 12 22Z\"><\/path><\/svg><\/span><div class=\"nectar-blocks-icon-list-item__content\"><strong>Antonio Incampo<br\/><\/strong>Fil\u00f3sofo del derecho &#8211; UNIBA<\/div><\/div>\n<\/div><\/div>\n\n\n\n<div class=\"wp-block-nectar-blocks-divider nectar-blocks-divider\" id=\"block-lCZl3oOi9I\"><div class=\"nectar-blocks-divider__inner\"><div class=\"nectar__bg-layers parent-block-block-lCZl3oOi9I\"><div class=\"nectar__bg-layer nectar__bg-color\"><\/div><\/div><span class=\"nectar-blocks-divider__line\"><\/span><\/div><\/div>\n\n\n\n<p id=\"block-LYSouC7sr1\" class=\"wp-block-nectar-blocks-text nectar-blocks-text nectar-font-h2\">Dialogan con<\/p>\n\n\n\n<div class=\"wp-block-nectar-blocks-icon-list nectar-blocks-icon-list\" id=\"block-RTfrsNIBCI\"><div class=\"nectar-blocks-icon-list__inner nectar-font-body parent-block-RTfrsNIBCI\">\n<div class=\"wp-block-nectar-blocks-icon-list-item nectar-blocks-icon-list-item\" id=\"block-9puEI7aM72\"><span class=\"nectar-component__icon icon-source--remix\"><svg role=\"none\" xmlns=\"http:\/\/www.w3.org\/2000\/svg\" viewbox=\"0 0 24 24\" fill=\"currentColor\"><path d=\"M12 22C17.5228 22 22 17.5228 22 12C22 6.47715 17.5228 2 12 2C6.47715 2 2 6.47715 2 12C2 17.5228 6.47715 22 12 22Z\"><\/path><\/svg><\/span><div class=\"nectar-blocks-icon-list-item__content\"><strong>Massimo Don\u00e0<br\/><\/strong>Fil\u00f3sofo y m\u00fasico<\/div><\/div>\n\n\n\n<div class=\"wp-block-nectar-blocks-icon-list-item nectar-blocks-icon-list-item\" id=\"block-qrE7Is4kLb\"><span class=\"nectar-component__icon icon-source--remix\"><svg role=\"none\" xmlns=\"http:\/\/www.w3.org\/2000\/svg\" viewbox=\"0 0 24 24\" fill=\"currentColor\"><path d=\"M12 22C17.5228 22 22 17.5228 22 12C22 6.47715 17.5228 2 12 2C6.47715 2 2 6.47715 2 12C2 17.5228 6.47715 22 12 22Z\"><\/path><\/svg><\/span><div class=\"nectar-blocks-icon-list-item__content\"><strong>Lidia Greco<\/strong><br\/>Soci\u00f3loga de los procesos econ\u00f3micos y del trabajo &#8211; UNIBA<\/div><\/div>\n\n\n\n<div class=\"wp-block-nectar-blocks-icon-list-item nectar-blocks-icon-list-item\" id=\"block-9nVF8tuktf\"><span class=\"nectar-component__icon icon-source--remix\"><svg role=\"none\" xmlns=\"http:\/\/www.w3.org\/2000\/svg\" viewbox=\"0 0 24 24\" fill=\"currentColor\"><path d=\"M12 22C17.5228 22 22 17.5228 22 12C22 6.47715 17.5228 2 12 2C6.47715 2 2 6.47715 2 12C2 17.5228 6.47715 22 12 22Z\"><\/path><\/svg><\/span><div class=\"nectar-blocks-icon-list-item__content\"><strong>Antonio Iaccarino<\/strong><br\/>Fil\u00f3sofo del derecho &#8211; Pontificia Universidad Lateranense<\/div><\/div>\n\n\n\n<div class=\"wp-block-nectar-blocks-icon-list-item nectar-blocks-icon-list-item\" id=\"block-3u5yrmsQLT\"><span class=\"nectar-component__icon icon-source--remix\"><svg role=\"none\" xmlns=\"http:\/\/www.w3.org\/2000\/svg\" viewbox=\"0 0 24 24\" fill=\"currentColor\"><path d=\"M12 22C17.5228 22 22 17.5228 22 12C22 6.47715 17.5228 2 12 2C6.47715 2 2 6.47715 2 12C2 17.5228 6.47715 22 12 22Z\"><\/path><\/svg><\/span><div class=\"nectar-blocks-icon-list-item__content\"><strong>Fiorella Occhinegro<\/strong><br\/>Arquitecta y Vicepresidenta de la Fundaci\u00f3n TA25<\/div><\/div>\n\n\n\n<div class=\"wp-block-nectar-blocks-icon-list-item nectar-blocks-icon-list-item\" id=\"block-BKlRZLilJK\"><span class=\"nectar-component__icon icon-source--remix\"><svg role=\"none\" xmlns=\"http:\/\/www.w3.org\/2000\/svg\" viewbox=\"0 0 24 24\" fill=\"currentColor\"><path d=\"M12 22C17.5228 22 22 17.5228 22 12C22 6.47715 17.5228 2 12 2C6.47715 2 2 6.47715 2 12C2 17.5228 6.47715 22 12 22Z\"><\/path><\/svg><\/span><div class=\"nectar-blocks-icon-list-item__content\"><strong>Claudia Sanesi<\/strong><br\/>Secretaria General de la C\u00e1mara de Comercio de Brindisi-Tarento<\/div><\/div>\n\n\n\n<div class=\"wp-block-nectar-blocks-icon-list-item nectar-blocks-icon-list-item\" id=\"block-w05vnz6peC\"><span class=\"nectar-component__icon icon-source--remix\"><svg role=\"none\" xmlns=\"http:\/\/www.w3.org\/2000\/svg\" viewbox=\"0 0 24 24\" fill=\"currentColor\"><path d=\"M12 22C17.5228 22 22 17.5228 22 12C22 6.47715 17.5228 2 12 2C6.47715 2 2 6.47715 2 12C2 17.5228 6.47715 22 12 22Z\"><\/path><\/svg><\/span><div class=\"nectar-blocks-icon-list-item__content\"><strong>Davide Tabarelli<\/strong><br\/>Presidente de Nomisma Energia y Comisario extraordinario de Acciaierie d&#8217;Italia<\/div><\/div>\n<\/div><\/div>\n\n\n\n<div class=\"wp-block-nectar-blocks-divider nectar-blocks-divider\" id=\"block-4bjkcNKcFO\"><div class=\"nectar-blocks-divider__inner\"><div class=\"nectar__bg-layers parent-block-block-4bjkcNKcFO\"><div class=\"nectar__bg-layer nectar__bg-color\"><\/div><\/div><span class=\"nectar-blocks-divider__line\"><\/span><\/div><\/div>\n\n\n\n<p id=\"block-3kW5TtRdwg\" class=\"wp-block-nectar-blocks-text nectar-blocks-text nectar-font-h2\">Introduce<\/p>\n\n\n\n<div class=\"wp-block-nectar-blocks-icon-list nectar-blocks-icon-list\" id=\"block-YapxRCRGec\"><div class=\"nectar-blocks-icon-list__inner nectar-font-body parent-block-YapxRCRGec\">\n<div class=\"wp-block-nectar-blocks-icon-list-item nectar-blocks-icon-list-item\" id=\"block-6lWHHvtS3z\"><span class=\"nectar-component__icon icon-source--remix\"><svg role=\"none\" xmlns=\"http:\/\/www.w3.org\/2000\/svg\" viewbox=\"0 0 24 24\" fill=\"currentColor\"><path d=\"M12 22C17.5228 22 22 17.5228 22 12C22 6.47715 17.5228 2 12 2C6.47715 2 2 6.47715 2 12C2 17.5228 6.47715 22 12 22Z\"><\/path><\/svg><\/span><div class=\"nectar-blocks-icon-list-item__content\"><strong>Mario Castellana<br\/><\/strong>Fil\u00f3sofo de la ciencia<\/div><\/div>\n<\/div><\/div>\n\n\n\n<div class=\"wp-block-nectar-blocks-divider nectar-blocks-divider\" id=\"block-h3G0hvCztl\"><div class=\"nectar-blocks-divider__inner\"><div class=\"nectar__bg-layers parent-block-block-h3G0hvCztl\"><div class=\"nectar__bg-layer nectar__bg-color\"><\/div><\/div><span class=\"nectar-blocks-divider__line\"><\/span><\/div><\/div>\n\n\n\n<p id=\"block-fRsdhGchom\" class=\"wp-block-nectar-blocks-text nectar-blocks-text nectar-font-h2\">Coordina<\/p>\n\n\n\n<div class=\"wp-block-nectar-blocks-icon-list nectar-blocks-icon-list\" id=\"block-raEYS8hJ2t\"><div class=\"nectar-blocks-icon-list__inner nectar-font-body parent-block-raEYS8hJ2t\">\n<div class=\"wp-block-nectar-blocks-icon-list-item nectar-blocks-icon-list-item\" id=\"block-fNqRuLXI9k\"><span class=\"nectar-component__icon icon-source--remix\"><svg role=\"none\" xmlns=\"http:\/\/www.w3.org\/2000\/svg\" viewbox=\"0 0 24 24\" fill=\"currentColor\"><path d=\"M12 22C17.5228 22 22 17.5228 22 12C22 6.47715 17.5228 2 12 2C6.47715 2 2 6.47715 2 12C2 17.5228 6.47715 22 12 22Z\"><\/path><\/svg><\/span><div class=\"nectar-blocks-icon-list-item__content\"><strong>Gabriella Ressa<br\/><\/strong>Periodista, Centros de cultura G.Lazzati<\/div><\/div>\n<\/div><\/div>\n<\/div>\n\n\n\n<div class=\"wp-block-group is-nowrap is-layout-flex wp-container-core-group-is-layout-ad2f72ca wp-block-group-is-layout-flex\">\n<div class=\"wp-block-nectar-blocks-button nectar-blocks-button nectar-font-label\" id=\"block-9C5AfMjIk9\"><a href=\"https:\/\/drive.google.com\/file\/d\/1GcjtTgRNW9u_bOoYhN8WeE0LY31L7SPy\/view?usp=sharing\" target=\"_blank\" rel=\"noreferrer noopener\" class=\"nectar__link nectar-blocks-button__inner\"><span class=\"nectar-blocks-button__text\">Ver TG \u00abStudio 100\u00bb<\/span><span class=\"nectar-component__icon icon-source--remix\"><svg role=\"none\" viewbox=\"0 0 24 24\" fill=\"currentColor\" xmlns=\"http:\/\/www.w3.org\/2000\/svg\"><path d=\"M16.1716 10.9999L10.8076 5.63589L12.2218 4.22168L20 11.9999L12.2218 19.778L10.8076 18.3638L16.1716 12.9999H4V10.9999H16.1716Z\"><\/path><\/svg><\/span><\/a><\/div>\n\n\n\n<div class=\"wp-block-nectar-blocks-button nectar-blocks-button nectar-font-label\" id=\"block-PVPjpzCiEB\"><a href=\"https:\/\/ontologiatrinitaria.org\/wp-content\/uploads\/2026\/02\/Locandina_Taranto_2026feb20.jpeg\" target=\"_blank\" rel=\"noreferrer noopener\" class=\"nectar__link nectar-blocks-button__inner\"><span class=\"nectar-blocks-button__text\">Descubrir el cartel<\/span><span class=\"nectar-component__icon icon-source--remix\"><svg role=\"none\" viewbox=\"0 0 24 24\" fill=\"currentColor\" xmlns=\"http:\/\/www.w3.org\/2000\/svg\"><path d=\"M16.1716 10.9999L10.8076 5.63589L12.2218 4.22168L20 11.9999L12.2218 19.778L10.8076 18.3638L16.1716 12.9999H4V10.9999H16.1716Z\"><\/path><\/svg><\/span><\/a><\/div>\n<\/div>\n\n\n\n<div class=\"wp-block-nectar-blocks-accordion nectar-blocks-accordion\" data-starting-accordion=\"-1\" id=\"block-d2SAkqPFun\"><div class=\"nectar-blocks-accordion__inner parent-block-d2SAkqPFun\">\n<div class=\"wp-block-nectar-blocks-accordion-section nectar-block nectar-blocks-accordion-section\" id=\"block-1mhsQIJaWO\"><h3 class=\"nectar-blocks-accordion-section__title nectar-gt-iOzhlChair\"><span class=\"nectar-blocks-accordion-section__title__text\">Rese\u00f1a de prensa<\/span><span class=\"nectar-blocks-accordion-section__title__indicator\"><svg role=\"none\" xmlns=\"http:\/\/www.w3.org\/2000\/svg\" class=\"default\" viewBox=\"0 0 14 14\"><line x1=\"7\" x2=\"7\" y2=\"14\" fill=\"none\" stroke=\"currentColor\" stroke-miterlimit=\"1\"><\/line><line y1=\"7\" x2=\"14\" y2=\"7\" fill=\"none\" stroke=\"currentColor\" stroke-miterlimit=\"1\"><\/line><\/svg><\/span><\/h3><div class=\"nectar-blocks-accordion-section__content parent-block-block-1mhsQIJaWO\">\n<p id=\"block-47mV741ON8\" class=\"wp-block-nectar-blocks-text nectar-blocks-text nectar-font-body\"><\/p>\n\n\n\n<ul class=\"wp-block-list\">\n<li><a href=\"https:\/\/ontologiatrinitaria.org\/wp-content\/uploads\/2026\/02\/LoJonio_pp40-41.pdf\" target=\"_blank\" rel=\"noreferrer noopener\">Art\u00edculo en \u00abLo Jonio\u00bb<\/a>, 19 de febrero de 2026.<\/li>\n\n\n\n<li><a href=\"https:\/\/www.nuovodialogo.com\/2026\/02\/25\/la-politica-ha-bisogno-di-filosofia-a-colloquio-col-filosofo-massimo-dona\/\" target=\"_blank\" rel=\"noreferrer noopener\"><em>La pol\u00edtica necesita &#8216;filosof\u00eda&#8217;: conversaci\u00f3n con el profesor Massimo Don\u00e0<\/em><\/a>, en \u00abNuovo Dialogo\u00bb, 25 de febrero de 2026.<\/li>\n\n\n\n<li><a href=\"https:\/\/www.nuovodialogo.com\/2026\/02\/23\/l-convegno-del-lazzati-rivedere-le-relazioni-cittadine-alla-luce-della-trinita\/\" target=\"_blank\" rel=\"noreferrer noopener\"><em>El congreso del &#8216;Lazzati&#8217;: Revisar las relaciones ciudadanas a la luz de la Trinidad<\/em><\/a>, en \u00abNuovo Dialogo\u00bb, 23 de febrero de 2026.<\/li>\n<\/ul>\n\n\n\n<p id=\"block-EJE0hek4XG\" class=\"wp-block-nectar-blocks-text nectar-blocks-text nectar-font-body\"><\/p>\n<\/div><\/div>\n<\/div><\/div>\n<\/div><\/div>\n<\/div>\n<\/div><\/div>\n<\/div>\n\n<p id=\"block-0duZj6O0Xh\" class=\"wp-block-nectar-blocks-text nectar-blocks-text\"><\/p>\n\n<p id=\"block-KUgGkAXAM2\" class=\"wp-block-nectar-blocks-text nectar-blocks-text\"><\/p>\n\n<p id=\"block-UJgQ5OCPfc\" class=\"wp-block-nectar-blocks-text nectar-blocks-text\"><\/p>\n","protected":false},"excerpt":{"rendered":"","protected":false},"author":8,"featured_media":5437,"comment_status":"closed","ping_status":"open","sticky":false,"template":"","format":"standard","meta":{"_nectar_blocks_hide_post_title":true,"_nectar_blocks_transparent_header_effect":false,"_nectar_blocks_transparent_header_effect_color":"light","_nectar_blocks_header_animation":false,"_nectar_blocks_header_animation_delay":0,"_nectar_blocks_header_animation_effect":"fade","_nectar_blocks_page_css":"","_nectar_blocks_page_js":"","footnotes":""},"categories":[205],"tags":[],"class_list":{"0":"post-5483","1":"post","2":"type-post","3":"status-publish","4":"format-standard","5":"has-post-thumbnail","7":"category-italia"},"yoast_head":"<!-- This site is optimized with the Yoast SEO plugin v27.2 - https:\/\/yoast.com\/product\/yoast-seo-wordpress\/ -->\n<title>&quot;Miradas trinitarias sobre lo social&quot; en Tarento (20 de febrero de 2026) - Ontologia Trinitaria<\/title>\n<meta name=\"robots\" content=\"index, follow, max-snippet:-1, max-image-preview:large, max-video-preview:-1\" \/>\n<link rel=\"canonical\" href=\"https:\/\/ontologiatrinitaria.org\/es\/miradas-trinitarias-sobre-lo-social-en-tarento-20-de-febrero-de-2026\/\" \/>\n<meta property=\"og:locale\" content=\"es_ES\" \/>\n<meta property=\"og:type\" content=\"article\" \/>\n<meta property=\"og:title\" content=\"&quot;Miradas trinitarias sobre lo social&quot; en Tarento (20 de febrero de 2026) - Ontologia Trinitaria\" \/>\n<meta property=\"og:url\" content=\"https:\/\/ontologiatrinitaria.org\/es\/miradas-trinitarias-sobre-lo-social-en-tarento-20-de-febrero-de-2026\/\" \/>\n<meta property=\"og:site_name\" content=\"Ontologia Trinitaria\" \/>\n<meta property=\"article:publisher\" content=\"https:\/\/www.facebook.com\/ontologiatrinitaria\" \/>\n<meta property=\"article:published_time\" content=\"2026-02-12T14:20:22+00:00\" \/>\n<meta property=\"article:modified_time\" content=\"2026-03-11T15:37:13+00:00\" \/>\n<meta property=\"og:image\" content=\"https:\/\/ontologiatrinitaria.org\/wp-content\/uploads\/2026\/02\/Taranto_LD-1024x575.jpg\" \/>\n<meta name=\"author\" content=\"Fra Gianfranco\" \/>\n<meta name=\"twitter:card\" content=\"summary_large_image\" \/>\n<meta name=\"twitter:label1\" content=\"Escrito por\" \/>\n\t<meta name=\"twitter:data1\" content=\"Fra Gianfranco\" \/>\n\t<meta name=\"twitter:label2\" content=\"Tiempo de lectura\" \/>\n\t<meta name=\"twitter:data2\" content=\"1 minuto\" \/>\n<script type=\"application\/ld+json\" class=\"yoast-schema-graph\">{\"@context\":\"https:\/\/schema.org\",\"@graph\":[{\"@type\":\"Article\",\"@id\":\"https:\/\/ontologiatrinitaria.org\/es\/miradas-trinitarias-sobre-lo-social-en-tarento-20-de-febrero-de-2026\/#article\",\"isPartOf\":{\"@id\":\"https:\/\/ontologiatrinitaria.org\/es\/miradas-trinitarias-sobre-lo-social-en-tarento-20-de-febrero-de-2026\/\"},\"author\":{\"name\":\"Fra Gianfranco\",\"@id\":\"https:\/\/ontologiatrinitaria.org\/es\/#\/schema\/person\/b45010d523df4c70d25715cb76c479b2\"},\"headline\":\"\u00abMiradas trinitarias sobre lo social\u00bb en Tarento (20 de febrero de 2026)\",\"datePublished\":\"2026-02-12T14:20:22+00:00\",\"dateModified\":\"2026-03-11T15:37:13+00:00\",\"mainEntityOfPage\":{\"@id\":\"https:\/\/ontologiatrinitaria.org\/es\/miradas-trinitarias-sobre-lo-social-en-tarento-20-de-febrero-de-2026\/\"},\"wordCount\":260,\"publisher\":{\"@id\":\"https:\/\/ontologiatrinitaria.org\/es\/#organization\"},\"image\":{\"@id\":\"https:\/\/ontologiatrinitaria.org\/es\/miradas-trinitarias-sobre-lo-social-en-tarento-20-de-febrero-de-2026\/#primaryimage\"},\"thumbnailUrl\":\"https:\/\/ontologiatrinitaria.org\/wp-content\/uploads\/2026\/02\/Taranto_LD.jpg\",\"articleSection\":[\"Italia\"],\"inLanguage\":\"es\"},{\"@type\":\"WebPage\",\"@id\":\"https:\/\/ontologiatrinitaria.org\/es\/miradas-trinitarias-sobre-lo-social-en-tarento-20-de-febrero-de-2026\/\",\"url\":\"https:\/\/ontologiatrinitaria.org\/es\/miradas-trinitarias-sobre-lo-social-en-tarento-20-de-febrero-de-2026\/\",\"name\":\"\\\"Miradas trinitarias sobre lo social\\\" en Tarento (20 de febrero de 2026) - Ontologia Trinitaria\",\"isPartOf\":{\"@id\":\"https:\/\/ontologiatrinitaria.org\/es\/#website\"},\"primaryImageOfPage\":{\"@id\":\"https:\/\/ontologiatrinitaria.org\/es\/miradas-trinitarias-sobre-lo-social-en-tarento-20-de-febrero-de-2026\/#primaryimage\"},\"image\":{\"@id\":\"https:\/\/ontologiatrinitaria.org\/es\/miradas-trinitarias-sobre-lo-social-en-tarento-20-de-febrero-de-2026\/#primaryimage\"},\"thumbnailUrl\":\"https:\/\/ontologiatrinitaria.org\/wp-content\/uploads\/2026\/02\/Taranto_LD.jpg\",\"datePublished\":\"2026-02-12T14:20:22+00:00\",\"dateModified\":\"2026-03-11T15:37:13+00:00\",\"breadcrumb\":{\"@id\":\"https:\/\/ontologiatrinitaria.org\/es\/miradas-trinitarias-sobre-lo-social-en-tarento-20-de-febrero-de-2026\/#breadcrumb\"},\"inLanguage\":\"es\",\"potentialAction\":[{\"@type\":\"ReadAction\",\"target\":[\"https:\/\/ontologiatrinitaria.org\/es\/miradas-trinitarias-sobre-lo-social-en-tarento-20-de-febrero-de-2026\/\"]}]},{\"@type\":\"ImageObject\",\"inLanguage\":\"es\",\"@id\":\"https:\/\/ontologiatrinitaria.org\/es\/miradas-trinitarias-sobre-lo-social-en-tarento-20-de-febrero-de-2026\/#primaryimage\",\"url\":\"https:\/\/ontologiatrinitaria.org\/wp-content\/uploads\/2026\/02\/Taranto_LD.jpg\",\"contentUrl\":\"https:\/\/ontologiatrinitaria.org\/wp-content\/uploads\/2026\/02\/Taranto_LD.jpg\",\"width\":1800,\"height\":1011},{\"@type\":\"BreadcrumbList\",\"@id\":\"https:\/\/ontologiatrinitaria.org\/es\/miradas-trinitarias-sobre-lo-social-en-tarento-20-de-febrero-de-2026\/#breadcrumb\",\"itemListElement\":[{\"@type\":\"ListItem\",\"position\":1,\"name\":\"Home\",\"item\":\"https:\/\/ontologiatrinitaria.org\/es\/\"},{\"@type\":\"ListItem\",\"position\":2,\"name\":\"\u00abMiradas trinitarias sobre lo social\u00bb en Tarento (20 de febrero de 2026)\"}]},{\"@type\":\"WebSite\",\"@id\":\"https:\/\/ontologiatrinitaria.org\/es\/#website\",\"url\":\"https:\/\/ontologiatrinitaria.org\/es\/\",\"name\":\"Ontologia Trinitaria\",\"description\":\"Itinerari e ricerche\",\"publisher\":{\"@id\":\"https:\/\/ontologiatrinitaria.org\/es\/#organization\"},\"potentialAction\":[{\"@type\":\"SearchAction\",\"target\":{\"@type\":\"EntryPoint\",\"urlTemplate\":\"https:\/\/ontologiatrinitaria.org\/es\/?s={search_term_string}\"},\"query-input\":{\"@type\":\"PropertyValueSpecification\",\"valueRequired\":true,\"valueName\":\"search_term_string\"}}],\"inLanguage\":\"es\"},{\"@type\":\"Organization\",\"@id\":\"https:\/\/ontologiatrinitaria.org\/es\/#organization\",\"name\":\"Ontologia Trinitaria\",\"url\":\"https:\/\/ontologiatrinitaria.org\/es\/\",\"logo\":{\"@type\":\"ImageObject\",\"inLanguage\":\"es\",\"@id\":\"https:\/\/ontologiatrinitaria.org\/es\/#\/schema\/logo\/image\/\",\"url\":\"https:\/\/ontologiatrinitaria.org\/wp-content\/uploads\/2025\/06\/logo_colore2.png\",\"contentUrl\":\"https:\/\/ontologiatrinitaria.org\/wp-content\/uploads\/2025\/06\/logo_colore2.png\",\"width\":402,\"height\":169,\"caption\":\"Ontologia Trinitaria\"},\"image\":{\"@id\":\"https:\/\/ontologiatrinitaria.org\/es\/#\/schema\/logo\/image\/\"},\"sameAs\":[\"https:\/\/www.facebook.com\/ontologiatrinitaria\",\"https:\/\/www.instagram.com\/ontologiatrinitaria\/\"]},{\"@type\":\"Person\",\"@id\":\"https:\/\/ontologiatrinitaria.org\/es\/#\/schema\/person\/b45010d523df4c70d25715cb76c479b2\",\"name\":\"Fra Gianfranco\",\"image\":{\"@type\":\"ImageObject\",\"inLanguage\":\"es\",\"@id\":\"https:\/\/secure.gravatar.com\/avatar\/aae4b654b3d8ac9a4172453c893c5c77dd11806422aa533540021f742dcec1e2?s=96&d=mm&r=g\",\"url\":\"https:\/\/secure.gravatar.com\/avatar\/aae4b654b3d8ac9a4172453c893c5c77dd11806422aa533540021f742dcec1e2?s=96&d=mm&r=g\",\"contentUrl\":\"https:\/\/secure.gravatar.com\/avatar\/aae4b654b3d8ac9a4172453c893c5c77dd11806422aa533540021f742dcec1e2?s=96&d=mm&r=g\",\"caption\":\"Fra Gianfranco\"},\"url\":\"https:\/\/ontologiatrinitaria.org\/es\/author\/fra-gianfranco\/\"}]}<\/script>\n<!-- \/ Yoast SEO plugin. -->","yoast_head_json":{"title":"\"Miradas trinitarias sobre lo social\" en Tarento (20 de febrero de 2026) - Ontologia Trinitaria","robots":{"index":"index","follow":"follow","max-snippet":"max-snippet:-1","max-image-preview":"max-image-preview:large","max-video-preview":"max-video-preview:-1"},"canonical":"https:\/\/ontologiatrinitaria.org\/es\/miradas-trinitarias-sobre-lo-social-en-tarento-20-de-febrero-de-2026\/","og_locale":"es_ES","og_type":"article","og_title":"\"Miradas trinitarias sobre lo social\" en Tarento (20 de febrero de 2026) - Ontologia Trinitaria","og_url":"https:\/\/ontologiatrinitaria.org\/es\/miradas-trinitarias-sobre-lo-social-en-tarento-20-de-febrero-de-2026\/","og_site_name":"Ontologia Trinitaria","article_publisher":"https:\/\/www.facebook.com\/ontologiatrinitaria","article_published_time":"2026-02-12T14:20:22+00:00","article_modified_time":"2026-03-11T15:37:13+00:00","og_image":[{"url":"https:\/\/ontologiatrinitaria.org\/wp-content\/uploads\/2026\/02\/Taranto_LD-1024x575.jpg","type":"","width":"","height":""}],"author":"Fra Gianfranco","twitter_card":"summary_large_image","twitter_misc":{"Escrito por":"Fra Gianfranco","Tiempo de lectura":"1 minuto"},"schema":{"@context":"https:\/\/schema.org","@graph":[{"@type":"Article","@id":"https:\/\/ontologiatrinitaria.org\/es\/miradas-trinitarias-sobre-lo-social-en-tarento-20-de-febrero-de-2026\/#article","isPartOf":{"@id":"https:\/\/ontologiatrinitaria.org\/es\/miradas-trinitarias-sobre-lo-social-en-tarento-20-de-febrero-de-2026\/"},"author":{"name":"Fra Gianfranco","@id":"https:\/\/ontologiatrinitaria.org\/es\/#\/schema\/person\/b45010d523df4c70d25715cb76c479b2"},"headline":"\u00abMiradas trinitarias sobre lo social\u00bb en Tarento (20 de febrero de 2026)","datePublished":"2026-02-12T14:20:22+00:00","dateModified":"2026-03-11T15:37:13+00:00","mainEntityOfPage":{"@id":"https:\/\/ontologiatrinitaria.org\/es\/miradas-trinitarias-sobre-lo-social-en-tarento-20-de-febrero-de-2026\/"},"wordCount":260,"publisher":{"@id":"https:\/\/ontologiatrinitaria.org\/es\/#organization"},"image":{"@id":"https:\/\/ontologiatrinitaria.org\/es\/miradas-trinitarias-sobre-lo-social-en-tarento-20-de-febrero-de-2026\/#primaryimage"},"thumbnailUrl":"https:\/\/ontologiatrinitaria.org\/wp-content\/uploads\/2026\/02\/Taranto_LD.jpg","articleSection":["Italia"],"inLanguage":"es"},{"@type":"WebPage","@id":"https:\/\/ontologiatrinitaria.org\/es\/miradas-trinitarias-sobre-lo-social-en-tarento-20-de-febrero-de-2026\/","url":"https:\/\/ontologiatrinitaria.org\/es\/miradas-trinitarias-sobre-lo-social-en-tarento-20-de-febrero-de-2026\/","name":"\"Miradas trinitarias sobre lo social\" en Tarento (20 de febrero de 2026) - Ontologia Trinitaria","isPartOf":{"@id":"https:\/\/ontologiatrinitaria.org\/es\/#website"},"primaryImageOfPage":{"@id":"https:\/\/ontologiatrinitaria.org\/es\/miradas-trinitarias-sobre-lo-social-en-tarento-20-de-febrero-de-2026\/#primaryimage"},"image":{"@id":"https:\/\/ontologiatrinitaria.org\/es\/miradas-trinitarias-sobre-lo-social-en-tarento-20-de-febrero-de-2026\/#primaryimage"},"thumbnailUrl":"https:\/\/ontologiatrinitaria.org\/wp-content\/uploads\/2026\/02\/Taranto_LD.jpg","datePublished":"2026-02-12T14:20:22+00:00","dateModified":"2026-03-11T15:37:13+00:00","breadcrumb":{"@id":"https:\/\/ontologiatrinitaria.org\/es\/miradas-trinitarias-sobre-lo-social-en-tarento-20-de-febrero-de-2026\/#breadcrumb"},"inLanguage":"es","potentialAction":[{"@type":"ReadAction","target":["https:\/\/ontologiatrinitaria.org\/es\/miradas-trinitarias-sobre-lo-social-en-tarento-20-de-febrero-de-2026\/"]}]},{"@type":"ImageObject","inLanguage":"es","@id":"https:\/\/ontologiatrinitaria.org\/es\/miradas-trinitarias-sobre-lo-social-en-tarento-20-de-febrero-de-2026\/#primaryimage","url":"https:\/\/ontologiatrinitaria.org\/wp-content\/uploads\/2026\/02\/Taranto_LD.jpg","contentUrl":"https:\/\/ontologiatrinitaria.org\/wp-content\/uploads\/2026\/02\/Taranto_LD.jpg","width":1800,"height":1011},{"@type":"BreadcrumbList","@id":"https:\/\/ontologiatrinitaria.org\/es\/miradas-trinitarias-sobre-lo-social-en-tarento-20-de-febrero-de-2026\/#breadcrumb","itemListElement":[{"@type":"ListItem","position":1,"name":"Home","item":"https:\/\/ontologiatrinitaria.org\/es\/"},{"@type":"ListItem","position":2,"name":"\u00abMiradas trinitarias sobre lo social\u00bb en Tarento (20 de febrero de 2026)"}]},{"@type":"WebSite","@id":"https:\/\/ontologiatrinitaria.org\/es\/#website","url":"https:\/\/ontologiatrinitaria.org\/es\/","name":"Ontologia Trinitaria","description":"Itinerari e ricerche","publisher":{"@id":"https:\/\/ontologiatrinitaria.org\/es\/#organization"},"potentialAction":[{"@type":"SearchAction","target":{"@type":"EntryPoint","urlTemplate":"https:\/\/ontologiatrinitaria.org\/es\/?s={search_term_string}"},"query-input":{"@type":"PropertyValueSpecification","valueRequired":true,"valueName":"search_term_string"}}],"inLanguage":"es"},{"@type":"Organization","@id":"https:\/\/ontologiatrinitaria.org\/es\/#organization","name":"Ontologia Trinitaria","url":"https:\/\/ontologiatrinitaria.org\/es\/","logo":{"@type":"ImageObject","inLanguage":"es","@id":"https:\/\/ontologiatrinitaria.org\/es\/#\/schema\/logo\/image\/","url":"https:\/\/ontologiatrinitaria.org\/wp-content\/uploads\/2025\/06\/logo_colore2.png","contentUrl":"https:\/\/ontologiatrinitaria.org\/wp-content\/uploads\/2025\/06\/logo_colore2.png","width":402,"height":169,"caption":"Ontologia Trinitaria"},"image":{"@id":"https:\/\/ontologiatrinitaria.org\/es\/#\/schema\/logo\/image\/"},"sameAs":["https:\/\/www.facebook.com\/ontologiatrinitaria","https:\/\/www.instagram.com\/ontologiatrinitaria\/"]},{"@type":"Person","@id":"https:\/\/ontologiatrinitaria.org\/es\/#\/schema\/person\/b45010d523df4c70d25715cb76c479b2","name":"Fra Gianfranco","image":{"@type":"ImageObject","inLanguage":"es","@id":"https:\/\/secure.gravatar.com\/avatar\/aae4b654b3d8ac9a4172453c893c5c77dd11806422aa533540021f742dcec1e2?s=96&d=mm&r=g","url":"https:\/\/secure.gravatar.com\/avatar\/aae4b654b3d8ac9a4172453c893c5c77dd11806422aa533540021f742dcec1e2?s=96&d=mm&r=g","contentUrl":"https:\/\/secure.gravatar.com\/avatar\/aae4b654b3d8ac9a4172453c893c5c77dd11806422aa533540021f742dcec1e2?s=96&d=mm&r=g","caption":"Fra Gianfranco"},"url":"https:\/\/ontologiatrinitaria.org\/es\/author\/fra-gianfranco\/"}]}},"_links":{"self":[{"href":"https:\/\/ontologiatrinitaria.org\/es\/wp-json\/wp\/v2\/posts\/5483","targetHints":{"allow":["GET"]}}],"collection":[{"href":"https:\/\/ontologiatrinitaria.org\/es\/wp-json\/wp\/v2\/posts"}],"about":[{"href":"https:\/\/ontologiatrinitaria.org\/es\/wp-json\/wp\/v2\/types\/post"}],"author":[{"embeddable":true,"href":"https:\/\/ontologiatrinitaria.org\/es\/wp-json\/wp\/v2\/users\/8"}],"replies":[{"embeddable":true,"href":"https:\/\/ontologiatrinitaria.org\/es\/wp-json\/wp\/v2\/comments?post=5483"}],"version-history":[{"count":2,"href":"https:\/\/ontologiatrinitaria.org\/es\/wp-json\/wp\/v2\/posts\/5483\/revisions"}],"predecessor-version":[{"id":5489,"href":"https:\/\/ontologiatrinitaria.org\/es\/wp-json\/wp\/v2\/posts\/5483\/revisions\/5489"}],"wp:featuredmedia":[{"embeddable":true,"href":"https:\/\/ontologiatrinitaria.org\/es\/wp-json\/wp\/v2\/media\/5437"}],"wp:attachment":[{"href":"https:\/\/ontologiatrinitaria.org\/es\/wp-json\/wp\/v2\/media?parent=5483"}],"wp:term":[{"taxonomy":"category","embeddable":true,"href":"https:\/\/ontologiatrinitaria.org\/es\/wp-json\/wp\/v2\/categories?post=5483"},{"taxonomy":"post_tag","embeddable":true,"href":"https:\/\/ontologiatrinitaria.org\/es\/wp-json\/wp\/v2\/tags?post=5483"}],"curies":[{"name":"wp","href":"https:\/\/api.w.org\/{rel}","templated":true}]}}