{"id":5486,"date":"2025-10-27T16:11:59","date_gmt":"2025-10-27T16:11:59","guid":{"rendered":"https:\/\/ontologiatrinitaria.org\/se-ha-presentado-el-manifiesto-de-ontologia-trinitaria-en-espanol\/"},"modified":"2026-03-11T15:37:16","modified_gmt":"2026-03-11T15:37:16","slug":"se-ha-presentado-el-manifiesto-de-ontologia-trinitaria-en-espanol","status":"publish","type":"post","link":"https:\/\/ontologiatrinitaria.org\/es\/se-ha-presentado-el-manifiesto-de-ontologia-trinitaria-en-espanol\/","title":{"rendered":"Se ha presentado el Manifiesto de Ontolog\u00eda Trinitaria en espa\u00f1ol"},"content":{"rendered":"\n<p id=\"block-N5lnxJtRzW\" class=\"wp-block-nectar-blocks-text nectar-blocks-text\">El viernes 24 de octubre, en la <a href=\"https:\/\/archidiocesisgranada.es\/noticias\/presentacion-del-diccionario-dinamico-de-ontologia-trinitaria\/?fbclid=IwY2xjawNl6vlleHRuA2FlbQIxMABicmlkETF1ZW5aOG9nTU9FOWk5VDF6AR6meKJ8fO2en3A36ZEHSM6gj5JVpUIGuZjNvCcL0nUas2ezHBGkZS3pSaNJHw_aem_Qqy-x8u1wUSzKfLqwSXEiQ&amp;brid=Um1af85SLDKBU6f038k5SQ\">Facultad de Teolog\u00eda de Granada<\/a>, se present\u00f3 el primer volumen de la edici\u00f3n espa\u00f1ola del \u00abDiccionario Din\u00e1mico de Ontolog\u00eda Trinitaria\u00bb (Ciudad Nueva).<\/p>\n\n<div class=\"wp-block-nectar-blocks-button nectar-blocks-button nectar-font-body\" id=\"block-E474HVQOeJ\"><a href=\"https:\/\/www.ciudadnueva.com\/libro\/manifiesto-para-una-reforma-del-pensar\" target=\"_blank\" rel=\"noreferrer noopener\" class=\"nectar__link nectar-blocks-button__inner\"><span class=\"nectar-blocks-button__text\">Descubra el Manifiesto<\/span><span class=\"nectar-component__icon icon-source--remix\"><svg role=\"none\" viewbox=\"0 0 24 24\" fill=\"currentColor\" xmlns=\"http:\/\/www.w3.org\/2000\/svg\"><path d=\"M16.0037 9.41421L7.39712 18.0208L5.98291 16.6066L14.5895 8H7.00373V6H18.0037V17H16.0037V9.41421Z\"><\/path><\/svg><\/span><\/a><\/div>\n\n<p id=\"block-n1bmy6CDK7\" class=\"wp-block-nectar-blocks-text nectar-blocks-text\">La presentaci\u00f3n se llevar\u00e1 a cabo en forma de mesa redonda bajo el t\u00edtulo: \u00ab\u00bfTeolog\u00eda versus Filosof\u00eda? La Ontolog\u00eda Trinitaria: un nuevo paradigma\u00bb, un encuentro que invita a la reflexi\u00f3n sobre el di\u00e1logo entre teolog\u00eda y filosof\u00eda en el contexto del pensamiento contempor\u00e1neo.<\/p>\n\n<p id=\"block-eBYzT8UTtU\" class=\"wp-block-nectar-blocks-text nectar-blocks-text nectar-font-h2\">El \u00abDiccionario Din\u00e1mico de Ontolog\u00eda Trinitaria\u00bb es una gran obra de varios vol\u00famenes. <\/p>\n\n<p id=\"block-N0noB01pJA\" class=\"wp-block-nectar-blocks-text nectar-blocks-text nectar-font-body\">El primer volumen, que se presentar\u00e1 en esta ocasi\u00f3n, lleva por t\u00edtulo \u00abManifiesto para una reforma del pensar\u00bb y propone una nueva perspectiva teol\u00f3gica y filos\u00f3fica fundada en la relaci\u00f3n trinitaria.<\/p>\n\n<div class=\"wp-block-nectar-blocks-button nectar-blocks-button nectar-font-body\" id=\"block-SBslsgHXTr\"><a href=\"https:\/\/www.youtube.com\/watch?v=2JE-nFxNM4Y\" target=\"_blank\" rel=\"noreferrer noopener\" class=\"nectar__link nectar-blocks-button__inner\"><span class=\"nectar-blocks-button__text\">Vea la conferencia<\/span><span class=\"nectar-component__icon icon-source--remix\"><svg role=\"none\" viewbox=\"0 0 24 24\" fill=\"currentColor\" xmlns=\"http:\/\/www.w3.org\/2000\/svg\"><path d=\"M16.0037 9.41421L7.39712 18.0208L5.98291 16.6066L14.5895 8H7.00373V6H18.0037V17H16.0037V9.41421Z\"><\/path><\/svg><\/span><\/a><\/div>\n\n<p id=\"block-QmlkQtY9OM\" class=\"wp-block-nectar-blocks-text nectar-blocks-text\"><\/p>\n\n<p id=\"block-NAHwH3EOsX\" class=\"wp-block-nectar-blocks-text nectar-blocks-text\"><\/p>\n\n<p id=\"block-i0itOW8fvF\" class=\"wp-block-nectar-blocks-text nectar-blocks-text\"><\/p>\n\n<p id=\"block-42Ffd3H9Cr\" class=\"wp-block-nectar-blocks-text nectar-blocks-text\"><\/p>\n\n<p id=\"block-i6ULhUxuWk\" class=\"wp-block-nectar-blocks-text nectar-blocks-text\"><\/p>\n","protected":false},"excerpt":{"rendered":"","protected":false},"author":8,"featured_media":5459,"comment_status":"closed","ping_status":"open","sticky":false,"template":"","format":"standard","meta":{"_nectar_blocks_hide_post_title":false,"_nectar_blocks_transparent_header_effect":false,"_nectar_blocks_transparent_header_effect_color":"light","_nectar_blocks_header_animation":false,"_nectar_blocks_header_animation_delay":0,"_nectar_blocks_header_animation_effect":"fade","_nectar_blocks_page_css":"","_nectar_blocks_page_js":"","footnotes":""},"categories":[206],"tags":[],"class_list":{"0":"post-5486","1":"post","2":"type-post","3":"status-publish","4":"format-standard","5":"has-post-thumbnail","7":"category-espana"},"yoast_head":"<!-- This site is optimized with the Yoast SEO plugin v27.2 - https:\/\/yoast.com\/product\/yoast-seo-wordpress\/ -->\n<title>Se ha presentado el Manifiesto de Ontolog\u00eda Trinitaria en espa\u00f1ol - Ontologia Trinitaria<\/title>\n<meta name=\"robots\" content=\"index, follow, max-snippet:-1, max-image-preview:large, max-video-preview:-1\" \/>\n<link rel=\"canonical\" href=\"https:\/\/ontologiatrinitaria.org\/es\/se-ha-presentado-el-manifiesto-de-ontologia-trinitaria-en-espanol\/\" \/>\n<meta property=\"og:locale\" content=\"es_ES\" \/>\n<meta property=\"og:type\" content=\"article\" \/>\n<meta property=\"og:title\" content=\"Se ha presentado el Manifiesto de Ontolog\u00eda Trinitaria en espa\u00f1ol - Ontologia Trinitaria\" \/>\n<meta property=\"og:url\" content=\"https:\/\/ontologiatrinitaria.org\/es\/se-ha-presentado-el-manifiesto-de-ontologia-trinitaria-en-espanol\/\" \/>\n<meta property=\"og:site_name\" content=\"Ontologia Trinitaria\" \/>\n<meta property=\"article:publisher\" content=\"https:\/\/www.facebook.com\/ontologiatrinitaria\" \/>\n<meta property=\"article:published_time\" content=\"2025-10-27T16:11:59+00:00\" \/>\n<meta property=\"article:modified_time\" content=\"2026-03-11T15:37:16+00:00\" \/>\n<meta property=\"og:image\" content=\"https:\/\/ontologiatrinitaria.org\/wp-content\/uploads\/2025\/10\/Granada2025_Manifiesto1.webp\" \/>\n\t<meta property=\"og:image:width\" content=\"1600\" \/>\n\t<meta property=\"og:image:height\" content=\"1200\" \/>\n\t<meta property=\"og:image:type\" content=\"image\/webp\" \/>\n<meta name=\"author\" content=\"Fra Gianfranco\" \/>\n<meta name=\"twitter:card\" content=\"summary_large_image\" \/>\n<meta name=\"twitter:label1\" content=\"Escrito por\" \/>\n\t<meta name=\"twitter:data1\" content=\"Fra Gianfranco\" \/>\n\t<meta name=\"twitter:label2\" content=\"Tiempo de lectura\" \/>\n\t<meta name=\"twitter:data2\" content=\"1 minuto\" \/>\n<script type=\"application\/ld+json\" class=\"yoast-schema-graph\">{\"@context\":\"https:\/\/schema.org\",\"@graph\":[{\"@type\":\"Article\",\"@id\":\"https:\/\/ontologiatrinitaria.org\/es\/se-ha-presentado-el-manifiesto-de-ontologia-trinitaria-en-espanol\/#article\",\"isPartOf\":{\"@id\":\"https:\/\/ontologiatrinitaria.org\/es\/se-ha-presentado-el-manifiesto-de-ontologia-trinitaria-en-espanol\/\"},\"author\":{\"name\":\"Fra Gianfranco\",\"@id\":\"https:\/\/ontologiatrinitaria.org\/es\/#\/schema\/person\/b45010d523df4c70d25715cb76c479b2\"},\"headline\":\"Se ha presentado el Manifiesto de Ontolog\u00eda Trinitaria en espa\u00f1ol\",\"datePublished\":\"2025-10-27T16:11:59+00:00\",\"dateModified\":\"2026-03-11T15:37:16+00:00\",\"mainEntityOfPage\":{\"@id\":\"https:\/\/ontologiatrinitaria.org\/es\/se-ha-presentado-el-manifiesto-de-ontologia-trinitaria-en-espanol\/\"},\"wordCount\":156,\"publisher\":{\"@id\":\"https:\/\/ontologiatrinitaria.org\/es\/#organization\"},\"image\":{\"@id\":\"https:\/\/ontologiatrinitaria.org\/es\/se-ha-presentado-el-manifiesto-de-ontologia-trinitaria-en-espanol\/#primaryimage\"},\"thumbnailUrl\":\"https:\/\/ontologiatrinitaria.org\/wp-content\/uploads\/2025\/10\/Granada2025_Manifiesto1.webp\",\"articleSection\":[\"Espa\u00f1a\"],\"inLanguage\":\"es\"},{\"@type\":\"WebPage\",\"@id\":\"https:\/\/ontologiatrinitaria.org\/es\/se-ha-presentado-el-manifiesto-de-ontologia-trinitaria-en-espanol\/\",\"url\":\"https:\/\/ontologiatrinitaria.org\/es\/se-ha-presentado-el-manifiesto-de-ontologia-trinitaria-en-espanol\/\",\"name\":\"Se ha presentado el Manifiesto de Ontolog\u00eda Trinitaria en espa\u00f1ol - Ontologia Trinitaria\",\"isPartOf\":{\"@id\":\"https:\/\/ontologiatrinitaria.org\/es\/#website\"},\"primaryImageOfPage\":{\"@id\":\"https:\/\/ontologiatrinitaria.org\/es\/se-ha-presentado-el-manifiesto-de-ontologia-trinitaria-en-espanol\/#primaryimage\"},\"image\":{\"@id\":\"https:\/\/ontologiatrinitaria.org\/es\/se-ha-presentado-el-manifiesto-de-ontologia-trinitaria-en-espanol\/#primaryimage\"},\"thumbnailUrl\":\"https:\/\/ontologiatrinitaria.org\/wp-content\/uploads\/2025\/10\/Granada2025_Manifiesto1.webp\",\"datePublished\":\"2025-10-27T16:11:59+00:00\",\"dateModified\":\"2026-03-11T15:37:16+00:00\",\"breadcrumb\":{\"@id\":\"https:\/\/ontologiatrinitaria.org\/es\/se-ha-presentado-el-manifiesto-de-ontologia-trinitaria-en-espanol\/#breadcrumb\"},\"inLanguage\":\"es\",\"potentialAction\":[{\"@type\":\"ReadAction\",\"target\":[\"https:\/\/ontologiatrinitaria.org\/es\/se-ha-presentado-el-manifiesto-de-ontologia-trinitaria-en-espanol\/\"]}]},{\"@type\":\"ImageObject\",\"inLanguage\":\"es\",\"@id\":\"https:\/\/ontologiatrinitaria.org\/es\/se-ha-presentado-el-manifiesto-de-ontologia-trinitaria-en-espanol\/#primaryimage\",\"url\":\"https:\/\/ontologiatrinitaria.org\/wp-content\/uploads\/2025\/10\/Granada2025_Manifiesto1.webp\",\"contentUrl\":\"https:\/\/ontologiatrinitaria.org\/wp-content\/uploads\/2025\/10\/Granada2025_Manifiesto1.webp\",\"width\":1600,\"height\":1200,\"caption\":\"Se ha presentado en Granada el Manifiesto de Ontolog\u00eda Trinitaria.\"},{\"@type\":\"BreadcrumbList\",\"@id\":\"https:\/\/ontologiatrinitaria.org\/es\/se-ha-presentado-el-manifiesto-de-ontologia-trinitaria-en-espanol\/#breadcrumb\",\"itemListElement\":[{\"@type\":\"ListItem\",\"position\":1,\"name\":\"Home\",\"item\":\"https:\/\/ontologiatrinitaria.org\/es\/\"},{\"@type\":\"ListItem\",\"position\":2,\"name\":\"Se ha presentado el Manifiesto de Ontolog\u00eda Trinitaria en espa\u00f1ol\"}]},{\"@type\":\"WebSite\",\"@id\":\"https:\/\/ontologiatrinitaria.org\/es\/#website\",\"url\":\"https:\/\/ontologiatrinitaria.org\/es\/\",\"name\":\"Ontologia Trinitaria\",\"description\":\"Itinerari e ricerche\",\"publisher\":{\"@id\":\"https:\/\/ontologiatrinitaria.org\/es\/#organization\"},\"potentialAction\":[{\"@type\":\"SearchAction\",\"target\":{\"@type\":\"EntryPoint\",\"urlTemplate\":\"https:\/\/ontologiatrinitaria.org\/es\/?s={search_term_string}\"},\"query-input\":{\"@type\":\"PropertyValueSpecification\",\"valueRequired\":true,\"valueName\":\"search_term_string\"}}],\"inLanguage\":\"es\"},{\"@type\":\"Organization\",\"@id\":\"https:\/\/ontologiatrinitaria.org\/es\/#organization\",\"name\":\"Ontologia Trinitaria\",\"url\":\"https:\/\/ontologiatrinitaria.org\/es\/\",\"logo\":{\"@type\":\"ImageObject\",\"inLanguage\":\"es\",\"@id\":\"https:\/\/ontologiatrinitaria.org\/es\/#\/schema\/logo\/image\/\",\"url\":\"https:\/\/ontologiatrinitaria.org\/wp-content\/uploads\/2025\/06\/logo_colore2.png\",\"contentUrl\":\"https:\/\/ontologiatrinitaria.org\/wp-content\/uploads\/2025\/06\/logo_colore2.png\",\"width\":402,\"height\":169,\"caption\":\"Ontologia Trinitaria\"},\"image\":{\"@id\":\"https:\/\/ontologiatrinitaria.org\/es\/#\/schema\/logo\/image\/\"},\"sameAs\":[\"https:\/\/www.facebook.com\/ontologiatrinitaria\",\"https:\/\/www.instagram.com\/ontologiatrinitaria\/\"]},{\"@type\":\"Person\",\"@id\":\"https:\/\/ontologiatrinitaria.org\/es\/#\/schema\/person\/b45010d523df4c70d25715cb76c479b2\",\"name\":\"Fra Gianfranco\",\"image\":{\"@type\":\"ImageObject\",\"inLanguage\":\"es\",\"@id\":\"https:\/\/secure.gravatar.com\/avatar\/aae4b654b3d8ac9a4172453c893c5c77dd11806422aa533540021f742dcec1e2?s=96&d=mm&r=g\",\"url\":\"https:\/\/secure.gravatar.com\/avatar\/aae4b654b3d8ac9a4172453c893c5c77dd11806422aa533540021f742dcec1e2?s=96&d=mm&r=g\",\"contentUrl\":\"https:\/\/secure.gravatar.com\/avatar\/aae4b654b3d8ac9a4172453c893c5c77dd11806422aa533540021f742dcec1e2?s=96&d=mm&r=g\",\"caption\":\"Fra Gianfranco\"},\"url\":\"https:\/\/ontologiatrinitaria.org\/es\/author\/fra-gianfranco\/\"}]}<\/script>\n<!-- \/ Yoast SEO plugin. -->","yoast_head_json":{"title":"Se ha presentado el Manifiesto de Ontolog\u00eda Trinitaria en espa\u00f1ol - Ontologia Trinitaria","robots":{"index":"index","follow":"follow","max-snippet":"max-snippet:-1","max-image-preview":"max-image-preview:large","max-video-preview":"max-video-preview:-1"},"canonical":"https:\/\/ontologiatrinitaria.org\/es\/se-ha-presentado-el-manifiesto-de-ontologia-trinitaria-en-espanol\/","og_locale":"es_ES","og_type":"article","og_title":"Se ha presentado el Manifiesto de Ontolog\u00eda Trinitaria en espa\u00f1ol - Ontologia Trinitaria","og_url":"https:\/\/ontologiatrinitaria.org\/es\/se-ha-presentado-el-manifiesto-de-ontologia-trinitaria-en-espanol\/","og_site_name":"Ontologia Trinitaria","article_publisher":"https:\/\/www.facebook.com\/ontologiatrinitaria","article_published_time":"2025-10-27T16:11:59+00:00","article_modified_time":"2026-03-11T15:37:16+00:00","og_image":[{"width":1600,"height":1200,"url":"https:\/\/ontologiatrinitaria.org\/wp-content\/uploads\/2025\/10\/Granada2025_Manifiesto1.webp","type":"image\/webp"}],"author":"Fra Gianfranco","twitter_card":"summary_large_image","twitter_misc":{"Escrito por":"Fra Gianfranco","Tiempo de lectura":"1 minuto"},"schema":{"@context":"https:\/\/schema.org","@graph":[{"@type":"Article","@id":"https:\/\/ontologiatrinitaria.org\/es\/se-ha-presentado-el-manifiesto-de-ontologia-trinitaria-en-espanol\/#article","isPartOf":{"@id":"https:\/\/ontologiatrinitaria.org\/es\/se-ha-presentado-el-manifiesto-de-ontologia-trinitaria-en-espanol\/"},"author":{"name":"Fra Gianfranco","@id":"https:\/\/ontologiatrinitaria.org\/es\/#\/schema\/person\/b45010d523df4c70d25715cb76c479b2"},"headline":"Se ha presentado el Manifiesto de Ontolog\u00eda Trinitaria en espa\u00f1ol","datePublished":"2025-10-27T16:11:59+00:00","dateModified":"2026-03-11T15:37:16+00:00","mainEntityOfPage":{"@id":"https:\/\/ontologiatrinitaria.org\/es\/se-ha-presentado-el-manifiesto-de-ontologia-trinitaria-en-espanol\/"},"wordCount":156,"publisher":{"@id":"https:\/\/ontologiatrinitaria.org\/es\/#organization"},"image":{"@id":"https:\/\/ontologiatrinitaria.org\/es\/se-ha-presentado-el-manifiesto-de-ontologia-trinitaria-en-espanol\/#primaryimage"},"thumbnailUrl":"https:\/\/ontologiatrinitaria.org\/wp-content\/uploads\/2025\/10\/Granada2025_Manifiesto1.webp","articleSection":["Espa\u00f1a"],"inLanguage":"es"},{"@type":"WebPage","@id":"https:\/\/ontologiatrinitaria.org\/es\/se-ha-presentado-el-manifiesto-de-ontologia-trinitaria-en-espanol\/","url":"https:\/\/ontologiatrinitaria.org\/es\/se-ha-presentado-el-manifiesto-de-ontologia-trinitaria-en-espanol\/","name":"Se ha presentado el Manifiesto de Ontolog\u00eda Trinitaria en espa\u00f1ol - Ontologia Trinitaria","isPartOf":{"@id":"https:\/\/ontologiatrinitaria.org\/es\/#website"},"primaryImageOfPage":{"@id":"https:\/\/ontologiatrinitaria.org\/es\/se-ha-presentado-el-manifiesto-de-ontologia-trinitaria-en-espanol\/#primaryimage"},"image":{"@id":"https:\/\/ontologiatrinitaria.org\/es\/se-ha-presentado-el-manifiesto-de-ontologia-trinitaria-en-espanol\/#primaryimage"},"thumbnailUrl":"https:\/\/ontologiatrinitaria.org\/wp-content\/uploads\/2025\/10\/Granada2025_Manifiesto1.webp","datePublished":"2025-10-27T16:11:59+00:00","dateModified":"2026-03-11T15:37:16+00:00","breadcrumb":{"@id":"https:\/\/ontologiatrinitaria.org\/es\/se-ha-presentado-el-manifiesto-de-ontologia-trinitaria-en-espanol\/#breadcrumb"},"inLanguage":"es","potentialAction":[{"@type":"ReadAction","target":["https:\/\/ontologiatrinitaria.org\/es\/se-ha-presentado-el-manifiesto-de-ontologia-trinitaria-en-espanol\/"]}]},{"@type":"ImageObject","inLanguage":"es","@id":"https:\/\/ontologiatrinitaria.org\/es\/se-ha-presentado-el-manifiesto-de-ontologia-trinitaria-en-espanol\/#primaryimage","url":"https:\/\/ontologiatrinitaria.org\/wp-content\/uploads\/2025\/10\/Granada2025_Manifiesto1.webp","contentUrl":"https:\/\/ontologiatrinitaria.org\/wp-content\/uploads\/2025\/10\/Granada2025_Manifiesto1.webp","width":1600,"height":1200,"caption":"Se ha presentado en Granada el Manifiesto de Ontolog\u00eda Trinitaria."},{"@type":"BreadcrumbList","@id":"https:\/\/ontologiatrinitaria.org\/es\/se-ha-presentado-el-manifiesto-de-ontologia-trinitaria-en-espanol\/#breadcrumb","itemListElement":[{"@type":"ListItem","position":1,"name":"Home","item":"https:\/\/ontologiatrinitaria.org\/es\/"},{"@type":"ListItem","position":2,"name":"Se ha presentado el Manifiesto de Ontolog\u00eda Trinitaria en espa\u00f1ol"}]},{"@type":"WebSite","@id":"https:\/\/ontologiatrinitaria.org\/es\/#website","url":"https:\/\/ontologiatrinitaria.org\/es\/","name":"Ontologia Trinitaria","description":"Itinerari e ricerche","publisher":{"@id":"https:\/\/ontologiatrinitaria.org\/es\/#organization"},"potentialAction":[{"@type":"SearchAction","target":{"@type":"EntryPoint","urlTemplate":"https:\/\/ontologiatrinitaria.org\/es\/?s={search_term_string}"},"query-input":{"@type":"PropertyValueSpecification","valueRequired":true,"valueName":"search_term_string"}}],"inLanguage":"es"},{"@type":"Organization","@id":"https:\/\/ontologiatrinitaria.org\/es\/#organization","name":"Ontologia Trinitaria","url":"https:\/\/ontologiatrinitaria.org\/es\/","logo":{"@type":"ImageObject","inLanguage":"es","@id":"https:\/\/ontologiatrinitaria.org\/es\/#\/schema\/logo\/image\/","url":"https:\/\/ontologiatrinitaria.org\/wp-content\/uploads\/2025\/06\/logo_colore2.png","contentUrl":"https:\/\/ontologiatrinitaria.org\/wp-content\/uploads\/2025\/06\/logo_colore2.png","width":402,"height":169,"caption":"Ontologia Trinitaria"},"image":{"@id":"https:\/\/ontologiatrinitaria.org\/es\/#\/schema\/logo\/image\/"},"sameAs":["https:\/\/www.facebook.com\/ontologiatrinitaria","https:\/\/www.instagram.com\/ontologiatrinitaria\/"]},{"@type":"Person","@id":"https:\/\/ontologiatrinitaria.org\/es\/#\/schema\/person\/b45010d523df4c70d25715cb76c479b2","name":"Fra Gianfranco","image":{"@type":"ImageObject","inLanguage":"es","@id":"https:\/\/secure.gravatar.com\/avatar\/aae4b654b3d8ac9a4172453c893c5c77dd11806422aa533540021f742dcec1e2?s=96&d=mm&r=g","url":"https:\/\/secure.gravatar.com\/avatar\/aae4b654b3d8ac9a4172453c893c5c77dd11806422aa533540021f742dcec1e2?s=96&d=mm&r=g","contentUrl":"https:\/\/secure.gravatar.com\/avatar\/aae4b654b3d8ac9a4172453c893c5c77dd11806422aa533540021f742dcec1e2?s=96&d=mm&r=g","caption":"Fra Gianfranco"},"url":"https:\/\/ontologiatrinitaria.org\/es\/author\/fra-gianfranco\/"}]}},"_links":{"self":[{"href":"https:\/\/ontologiatrinitaria.org\/es\/wp-json\/wp\/v2\/posts\/5486","targetHints":{"allow":["GET"]}}],"collection":[{"href":"https:\/\/ontologiatrinitaria.org\/es\/wp-json\/wp\/v2\/posts"}],"about":[{"href":"https:\/\/ontologiatrinitaria.org\/es\/wp-json\/wp\/v2\/types\/post"}],"author":[{"embeddable":true,"href":"https:\/\/ontologiatrinitaria.org\/es\/wp-json\/wp\/v2\/users\/8"}],"replies":[{"embeddable":true,"href":"https:\/\/ontologiatrinitaria.org\/es\/wp-json\/wp\/v2\/comments?post=5486"}],"version-history":[{"count":2,"href":"https:\/\/ontologiatrinitaria.org\/es\/wp-json\/wp\/v2\/posts\/5486\/revisions"}],"predecessor-version":[{"id":5502,"href":"https:\/\/ontologiatrinitaria.org\/es\/wp-json\/wp\/v2\/posts\/5486\/revisions\/5502"}],"wp:featuredmedia":[{"embeddable":true,"href":"https:\/\/ontologiatrinitaria.org\/es\/wp-json\/wp\/v2\/media\/5459"}],"wp:attachment":[{"href":"https:\/\/ontologiatrinitaria.org\/es\/wp-json\/wp\/v2\/media?parent=5486"}],"wp:term":[{"taxonomy":"category","embeddable":true,"href":"https:\/\/ontologiatrinitaria.org\/es\/wp-json\/wp\/v2\/categories?post=5486"},{"taxonomy":"post_tag","embeddable":true,"href":"https:\/\/ontologiatrinitaria.org\/es\/wp-json\/wp\/v2\/tags?post=5486"}],"curies":[{"name":"wp","href":"https:\/\/api.w.org\/{rel}","templated":true}]}}