{"id":5510,"date":"2021-07-25T19:13:00","date_gmt":"2021-07-25T19:13:00","guid":{"rendered":"https:\/\/ontologiatrinitaria.org\/castelsardo-2021\/"},"modified":"2026-03-11T15:41:18","modified_gmt":"2026-03-11T15:41:18","slug":"castelsardo-2021","status":"publish","type":"post","link":"https:\/\/ontologiatrinitaria.org\/es\/castelsardo-2021\/","title":{"rendered":"Castelsardo 2021"},"content":{"rendered":"\n<p>La XIII edici\u00f3n de la Escuela Internacional de Verano de Alta Formaci\u00f3n Filos\u00f3fica de Inschibboleth 2021 est\u00e1 <a href=\"https:\/\/www.inschibboleth.org\/single-post\/summer-school-filosofia-2021\" target=\"_blank\" rel=\"noreferrer noopener\">programada del 26 al 29 de julio de 2021<\/a>. <\/p>\n\n<div class=\"wp-block-columns is-layout-flex wp-container-core-columns-is-layout-9d6595d7 wp-block-columns-is-layout-flex\">\n<div class=\"wp-block-column is-layout-flow wp-block-column-is-layout-flow\">\n<figure class=\"wp-block-image size-large\"><img loading=\"lazy\" decoding=\"async\" width=\"707\" height=\"1000\" src=\"https:\/\/trinitarian-ontology.org\/wp-content\/uploads\/2021\/04\/castelsardo2021.jpg?w=707\" alt=\"\" class=\"wp-image-696\" srcset=\"https:\/\/ontologiatrinitaria.org\/wp-content\/uploads\/2021\/04\/castelsardo2021.jpg 707w, https:\/\/ontologiatrinitaria.org\/wp-content\/uploads\/2021\/04\/castelsardo2021-212x300.jpg 212w, https:\/\/ontologiatrinitaria.org\/wp-content\/uploads\/2021\/04\/castelsardo2021-480x679.jpg 480w\" sizes=\"auto, (max-width: 707px) 100vw, 707px\" \/><figcaption class=\"wp-element-caption\">  <\/figcaption><\/figure>\n<\/div>\n\n\n\n<div class=\"wp-block-column is-layout-flow wp-block-column-is-layout-flow\">\n<p class=\"has-text-align-center\"><strong>EN CONEXI\u00d3N POR ZOOM DESDE CASTELSARDO (CERDE\u00d1A, ITALIA)<\/strong><\/p>\n\n\n\n<hr class=\"wp-block-separator has-css-opacity aligncenter\" \/>\n\n\n\n<p class=\"has-text-align-center\">Destacado: 28 de julio de 2021 a las 9:30 sobre <strong><em>Tom\u00e1s de Aquino y la ontolog\u00eda trinitaria: \u00bfuna relaci\u00f3n impertinente?<\/em><\/strong> <\/p>\n\n\n\n<p class=\"has-text-align-center\"><strong>S<\/strong>iga las sesiones en directo (o vuelva a verlas) <a rel=\"noreferrer noopener\" href=\"https:\/\/www.youtube.com\/user\/InSchibbolethTV\/featured\" target=\"_blank\"><strong>en <\/strong><\/a><a rel=\"noreferrer noopener\" href=\"http:\/\/www.youtube.com\/channel\/UCZJVspGx7riLlzVshqppEOg?view_as=subscriber\" target=\"_blank\"><strong>I<\/strong><\/a><a rel=\"noreferrer noopener\" href=\"http:\/\/www.youtube.com\/user\/InSchibbolethTV\" target=\"_blank\"><strong>nschibboleth TV<\/strong><\/a><\/p>\n\n\n\n<p class=\"has-text-align-center\"><\/p>\n<\/div>\n<\/div>\n","protected":false},"excerpt":{"rendered":"<p>La XIII edici\u00f3n de la Escuela Internacional de Verano de Alta Formaci\u00f3n Filos\u00f3fica de Inschibboleth 2021 est\u00e1 programada del 26 al 29 de julio de 2021. EN CONEXI\u00d3N POR ZOOM&#8230;<\/p>\n","protected":false},"author":3,"featured_media":5464,"comment_status":"closed","ping_status":"open","sticky":false,"template":"","format":"standard","meta":{"_nectar_blocks_hide_post_title":false,"_nectar_blocks_transparent_header_effect":false,"_nectar_blocks_transparent_header_effect_color":"light","_nectar_blocks_header_animation":false,"_nectar_blocks_header_animation_delay":0,"_nectar_blocks_header_animation_effect":"fade","_nectar_blocks_page_css":"","_nectar_blocks_page_js":"","footnotes":""},"categories":[205],"tags":[],"class_list":{"0":"post-5510","1":"post","2":"type-post","3":"status-publish","4":"format-standard","5":"has-post-thumbnail","7":"category-italia"},"yoast_head":"<!-- This site is optimized with the Yoast SEO plugin v27.2 - https:\/\/yoast.com\/product\/yoast-seo-wordpress\/ -->\n<title>Castelsardo 2021 - Ontologia Trinitaria<\/title>\n<meta name=\"robots\" content=\"index, follow, max-snippet:-1, max-image-preview:large, max-video-preview:-1\" \/>\n<link rel=\"canonical\" href=\"https:\/\/ontologiatrinitaria.org\/es\/castelsardo-2021\/\" \/>\n<meta property=\"og:locale\" content=\"es_ES\" \/>\n<meta property=\"og:type\" content=\"article\" \/>\n<meta property=\"og:title\" content=\"Castelsardo 2021 - Ontologia Trinitaria\" \/>\n<meta property=\"og:description\" content=\"La XIII edici\u00f3n de la Escuela Internacional de Verano de Alta Formaci\u00f3n Filos\u00f3fica de Inschibboleth 2021 est\u00e1 programada del 26 al 29 de julio de 2021. EN CONEXI\u00d3N POR ZOOM...\" \/>\n<meta property=\"og:url\" content=\"https:\/\/ontologiatrinitaria.org\/es\/castelsardo-2021\/\" \/>\n<meta property=\"og:site_name\" content=\"Ontologia Trinitaria\" \/>\n<meta property=\"article:publisher\" content=\"https:\/\/www.facebook.com\/ontologiatrinitaria\" \/>\n<meta property=\"article:published_time\" content=\"2021-07-25T19:13:00+00:00\" \/>\n<meta property=\"article:modified_time\" content=\"2026-03-11T15:41:18+00:00\" \/>\n<meta property=\"og:image\" content=\"https:\/\/ontologiatrinitaria.org\/wp-content\/uploads\/2020\/07\/Castelsardo_-_Province_of_Sassari_-_Sardinia_Italy_-_13_Sept._2012.jpg\" \/>\n\t<meta property=\"og:image:width\" content=\"960\" \/>\n\t<meta property=\"og:image:height\" content=\"539\" \/>\n\t<meta property=\"og:image:type\" content=\"image\/jpeg\" \/>\n<meta name=\"author\" content=\"sophiatrinitarianontology\" \/>\n<meta name=\"twitter:card\" content=\"summary_large_image\" \/>\n<meta name=\"twitter:label1\" content=\"Escrito por\" \/>\n\t<meta name=\"twitter:data1\" content=\"sophiatrinitarianontology\" \/>\n<script type=\"application\/ld+json\" class=\"yoast-schema-graph\">{\"@context\":\"https:\/\/schema.org\",\"@graph\":[{\"@type\":\"Article\",\"@id\":\"https:\/\/ontologiatrinitaria.org\/es\/castelsardo-2021\/#article\",\"isPartOf\":{\"@id\":\"https:\/\/ontologiatrinitaria.org\/es\/castelsardo-2021\/\"},\"author\":{\"name\":\"sophiatrinitarianontology\",\"@id\":\"https:\/\/ontologiatrinitaria.org\/es\/#\/schema\/person\/26bb4f5de600fb3f44c4f4be5b0bb6fb\"},\"headline\":\"Castelsardo 2021\",\"datePublished\":\"2021-07-25T19:13:00+00:00\",\"dateModified\":\"2026-03-11T15:41:18+00:00\",\"mainEntityOfPage\":{\"@id\":\"https:\/\/ontologiatrinitaria.org\/es\/castelsardo-2021\/\"},\"wordCount\":69,\"publisher\":{\"@id\":\"https:\/\/ontologiatrinitaria.org\/es\/#organization\"},\"image\":{\"@id\":\"https:\/\/ontologiatrinitaria.org\/es\/castelsardo-2021\/#primaryimage\"},\"thumbnailUrl\":\"https:\/\/ontologiatrinitaria.org\/wp-content\/uploads\/2020\/07\/Castelsardo_-_Province_of_Sassari_-_Sardinia_Italy_-_13_Sept._2012.jpg\",\"articleSection\":[\"Italia\"],\"inLanguage\":\"es\"},{\"@type\":\"WebPage\",\"@id\":\"https:\/\/ontologiatrinitaria.org\/es\/castelsardo-2021\/\",\"url\":\"https:\/\/ontologiatrinitaria.org\/es\/castelsardo-2021\/\",\"name\":\"Castelsardo 2021 - Ontologia Trinitaria\",\"isPartOf\":{\"@id\":\"https:\/\/ontologiatrinitaria.org\/es\/#website\"},\"primaryImageOfPage\":{\"@id\":\"https:\/\/ontologiatrinitaria.org\/es\/castelsardo-2021\/#primaryimage\"},\"image\":{\"@id\":\"https:\/\/ontologiatrinitaria.org\/es\/castelsardo-2021\/#primaryimage\"},\"thumbnailUrl\":\"https:\/\/ontologiatrinitaria.org\/wp-content\/uploads\/2020\/07\/Castelsardo_-_Province_of_Sassari_-_Sardinia_Italy_-_13_Sept._2012.jpg\",\"datePublished\":\"2021-07-25T19:13:00+00:00\",\"dateModified\":\"2026-03-11T15:41:18+00:00\",\"breadcrumb\":{\"@id\":\"https:\/\/ontologiatrinitaria.org\/es\/castelsardo-2021\/#breadcrumb\"},\"inLanguage\":\"es\",\"potentialAction\":[{\"@type\":\"ReadAction\",\"target\":[\"https:\/\/ontologiatrinitaria.org\/es\/castelsardo-2021\/\"]}]},{\"@type\":\"ImageObject\",\"inLanguage\":\"es\",\"@id\":\"https:\/\/ontologiatrinitaria.org\/es\/castelsardo-2021\/#primaryimage\",\"url\":\"https:\/\/ontologiatrinitaria.org\/wp-content\/uploads\/2020\/07\/Castelsardo_-_Province_of_Sassari_-_Sardinia_Italy_-_13_Sept._2012.jpg\",\"contentUrl\":\"https:\/\/ontologiatrinitaria.org\/wp-content\/uploads\/2020\/07\/Castelsardo_-_Province_of_Sassari_-_Sardinia_Italy_-_13_Sept._2012.jpg\",\"width\":960,\"height\":539},{\"@type\":\"BreadcrumbList\",\"@id\":\"https:\/\/ontologiatrinitaria.org\/es\/castelsardo-2021\/#breadcrumb\",\"itemListElement\":[{\"@type\":\"ListItem\",\"position\":1,\"name\":\"Home\",\"item\":\"https:\/\/ontologiatrinitaria.org\/es\/\"},{\"@type\":\"ListItem\",\"position\":2,\"name\":\"Castelsardo 2021\"}]},{\"@type\":\"WebSite\",\"@id\":\"https:\/\/ontologiatrinitaria.org\/es\/#website\",\"url\":\"https:\/\/ontologiatrinitaria.org\/es\/\",\"name\":\"Ontologia Trinitaria\",\"description\":\"Itinerari e ricerche\",\"publisher\":{\"@id\":\"https:\/\/ontologiatrinitaria.org\/es\/#organization\"},\"potentialAction\":[{\"@type\":\"SearchAction\",\"target\":{\"@type\":\"EntryPoint\",\"urlTemplate\":\"https:\/\/ontologiatrinitaria.org\/es\/?s={search_term_string}\"},\"query-input\":{\"@type\":\"PropertyValueSpecification\",\"valueRequired\":true,\"valueName\":\"search_term_string\"}}],\"inLanguage\":\"es\"},{\"@type\":\"Organization\",\"@id\":\"https:\/\/ontologiatrinitaria.org\/es\/#organization\",\"name\":\"Ontologia Trinitaria\",\"url\":\"https:\/\/ontologiatrinitaria.org\/es\/\",\"logo\":{\"@type\":\"ImageObject\",\"inLanguage\":\"es\",\"@id\":\"https:\/\/ontologiatrinitaria.org\/es\/#\/schema\/logo\/image\/\",\"url\":\"https:\/\/ontologiatrinitaria.org\/wp-content\/uploads\/2025\/06\/logo_colore2.png\",\"contentUrl\":\"https:\/\/ontologiatrinitaria.org\/wp-content\/uploads\/2025\/06\/logo_colore2.png\",\"width\":402,\"height\":169,\"caption\":\"Ontologia Trinitaria\"},\"image\":{\"@id\":\"https:\/\/ontologiatrinitaria.org\/es\/#\/schema\/logo\/image\/\"},\"sameAs\":[\"https:\/\/www.facebook.com\/ontologiatrinitaria\",\"https:\/\/www.instagram.com\/ontologiatrinitaria\/\"]},{\"@type\":\"Person\",\"@id\":\"https:\/\/ontologiatrinitaria.org\/es\/#\/schema\/person\/26bb4f5de600fb3f44c4f4be5b0bb6fb\",\"name\":\"sophiatrinitarianontology\",\"image\":{\"@type\":\"ImageObject\",\"inLanguage\":\"es\",\"@id\":\"https:\/\/secure.gravatar.com\/avatar\/?s=96&d=mm&r=g\",\"url\":\"https:\/\/secure.gravatar.com\/avatar\/?s=96&d=mm&r=g\",\"contentUrl\":\"https:\/\/secure.gravatar.com\/avatar\/?s=96&d=mm&r=g\",\"caption\":\"sophiatrinitarianontology\"},\"url\":\"https:\/\/ontologiatrinitaria.org\/es\/author\/sophiatrinitarianontology\/\"}]}<\/script>\n<!-- \/ Yoast SEO plugin. -->","yoast_head_json":{"title":"Castelsardo 2021 - Ontologia Trinitaria","robots":{"index":"index","follow":"follow","max-snippet":"max-snippet:-1","max-image-preview":"max-image-preview:large","max-video-preview":"max-video-preview:-1"},"canonical":"https:\/\/ontologiatrinitaria.org\/es\/castelsardo-2021\/","og_locale":"es_ES","og_type":"article","og_title":"Castelsardo 2021 - Ontologia Trinitaria","og_description":"La XIII edici\u00f3n de la Escuela Internacional de Verano de Alta Formaci\u00f3n Filos\u00f3fica de Inschibboleth 2021 est\u00e1 programada del 26 al 29 de julio de 2021. EN CONEXI\u00d3N POR ZOOM...","og_url":"https:\/\/ontologiatrinitaria.org\/es\/castelsardo-2021\/","og_site_name":"Ontologia Trinitaria","article_publisher":"https:\/\/www.facebook.com\/ontologiatrinitaria","article_published_time":"2021-07-25T19:13:00+00:00","article_modified_time":"2026-03-11T15:41:18+00:00","og_image":[{"width":960,"height":539,"url":"https:\/\/ontologiatrinitaria.org\/wp-content\/uploads\/2020\/07\/Castelsardo_-_Province_of_Sassari_-_Sardinia_Italy_-_13_Sept._2012.jpg","type":"image\/jpeg"}],"author":"sophiatrinitarianontology","twitter_card":"summary_large_image","twitter_misc":{"Escrito por":"sophiatrinitarianontology"},"schema":{"@context":"https:\/\/schema.org","@graph":[{"@type":"Article","@id":"https:\/\/ontologiatrinitaria.org\/es\/castelsardo-2021\/#article","isPartOf":{"@id":"https:\/\/ontologiatrinitaria.org\/es\/castelsardo-2021\/"},"author":{"name":"sophiatrinitarianontology","@id":"https:\/\/ontologiatrinitaria.org\/es\/#\/schema\/person\/26bb4f5de600fb3f44c4f4be5b0bb6fb"},"headline":"Castelsardo 2021","datePublished":"2021-07-25T19:13:00+00:00","dateModified":"2026-03-11T15:41:18+00:00","mainEntityOfPage":{"@id":"https:\/\/ontologiatrinitaria.org\/es\/castelsardo-2021\/"},"wordCount":69,"publisher":{"@id":"https:\/\/ontologiatrinitaria.org\/es\/#organization"},"image":{"@id":"https:\/\/ontologiatrinitaria.org\/es\/castelsardo-2021\/#primaryimage"},"thumbnailUrl":"https:\/\/ontologiatrinitaria.org\/wp-content\/uploads\/2020\/07\/Castelsardo_-_Province_of_Sassari_-_Sardinia_Italy_-_13_Sept._2012.jpg","articleSection":["Italia"],"inLanguage":"es"},{"@type":"WebPage","@id":"https:\/\/ontologiatrinitaria.org\/es\/castelsardo-2021\/","url":"https:\/\/ontologiatrinitaria.org\/es\/castelsardo-2021\/","name":"Castelsardo 2021 - Ontologia Trinitaria","isPartOf":{"@id":"https:\/\/ontologiatrinitaria.org\/es\/#website"},"primaryImageOfPage":{"@id":"https:\/\/ontologiatrinitaria.org\/es\/castelsardo-2021\/#primaryimage"},"image":{"@id":"https:\/\/ontologiatrinitaria.org\/es\/castelsardo-2021\/#primaryimage"},"thumbnailUrl":"https:\/\/ontologiatrinitaria.org\/wp-content\/uploads\/2020\/07\/Castelsardo_-_Province_of_Sassari_-_Sardinia_Italy_-_13_Sept._2012.jpg","datePublished":"2021-07-25T19:13:00+00:00","dateModified":"2026-03-11T15:41:18+00:00","breadcrumb":{"@id":"https:\/\/ontologiatrinitaria.org\/es\/castelsardo-2021\/#breadcrumb"},"inLanguage":"es","potentialAction":[{"@type":"ReadAction","target":["https:\/\/ontologiatrinitaria.org\/es\/castelsardo-2021\/"]}]},{"@type":"ImageObject","inLanguage":"es","@id":"https:\/\/ontologiatrinitaria.org\/es\/castelsardo-2021\/#primaryimage","url":"https:\/\/ontologiatrinitaria.org\/wp-content\/uploads\/2020\/07\/Castelsardo_-_Province_of_Sassari_-_Sardinia_Italy_-_13_Sept._2012.jpg","contentUrl":"https:\/\/ontologiatrinitaria.org\/wp-content\/uploads\/2020\/07\/Castelsardo_-_Province_of_Sassari_-_Sardinia_Italy_-_13_Sept._2012.jpg","width":960,"height":539},{"@type":"BreadcrumbList","@id":"https:\/\/ontologiatrinitaria.org\/es\/castelsardo-2021\/#breadcrumb","itemListElement":[{"@type":"ListItem","position":1,"name":"Home","item":"https:\/\/ontologiatrinitaria.org\/es\/"},{"@type":"ListItem","position":2,"name":"Castelsardo 2021"}]},{"@type":"WebSite","@id":"https:\/\/ontologiatrinitaria.org\/es\/#website","url":"https:\/\/ontologiatrinitaria.org\/es\/","name":"Ontologia Trinitaria","description":"Itinerari e ricerche","publisher":{"@id":"https:\/\/ontologiatrinitaria.org\/es\/#organization"},"potentialAction":[{"@type":"SearchAction","target":{"@type":"EntryPoint","urlTemplate":"https:\/\/ontologiatrinitaria.org\/es\/?s={search_term_string}"},"query-input":{"@type":"PropertyValueSpecification","valueRequired":true,"valueName":"search_term_string"}}],"inLanguage":"es"},{"@type":"Organization","@id":"https:\/\/ontologiatrinitaria.org\/es\/#organization","name":"Ontologia Trinitaria","url":"https:\/\/ontologiatrinitaria.org\/es\/","logo":{"@type":"ImageObject","inLanguage":"es","@id":"https:\/\/ontologiatrinitaria.org\/es\/#\/schema\/logo\/image\/","url":"https:\/\/ontologiatrinitaria.org\/wp-content\/uploads\/2025\/06\/logo_colore2.png","contentUrl":"https:\/\/ontologiatrinitaria.org\/wp-content\/uploads\/2025\/06\/logo_colore2.png","width":402,"height":169,"caption":"Ontologia Trinitaria"},"image":{"@id":"https:\/\/ontologiatrinitaria.org\/es\/#\/schema\/logo\/image\/"},"sameAs":["https:\/\/www.facebook.com\/ontologiatrinitaria","https:\/\/www.instagram.com\/ontologiatrinitaria\/"]},{"@type":"Person","@id":"https:\/\/ontologiatrinitaria.org\/es\/#\/schema\/person\/26bb4f5de600fb3f44c4f4be5b0bb6fb","name":"sophiatrinitarianontology","image":{"@type":"ImageObject","inLanguage":"es","@id":"https:\/\/secure.gravatar.com\/avatar\/?s=96&d=mm&r=g","url":"https:\/\/secure.gravatar.com\/avatar\/?s=96&d=mm&r=g","contentUrl":"https:\/\/secure.gravatar.com\/avatar\/?s=96&d=mm&r=g","caption":"sophiatrinitarianontology"},"url":"https:\/\/ontologiatrinitaria.org\/es\/author\/sophiatrinitarianontology\/"}]}},"_links":{"self":[{"href":"https:\/\/ontologiatrinitaria.org\/es\/wp-json\/wp\/v2\/posts\/5510","targetHints":{"allow":["GET"]}}],"collection":[{"href":"https:\/\/ontologiatrinitaria.org\/es\/wp-json\/wp\/v2\/posts"}],"about":[{"href":"https:\/\/ontologiatrinitaria.org\/es\/wp-json\/wp\/v2\/types\/post"}],"author":[{"embeddable":true,"href":"https:\/\/ontologiatrinitaria.org\/es\/wp-json\/wp\/v2\/users\/3"}],"replies":[{"embeddable":true,"href":"https:\/\/ontologiatrinitaria.org\/es\/wp-json\/wp\/v2\/comments?post=5510"}],"version-history":[{"count":1,"href":"https:\/\/ontologiatrinitaria.org\/es\/wp-json\/wp\/v2\/posts\/5510\/revisions"}],"predecessor-version":[{"id":5512,"href":"https:\/\/ontologiatrinitaria.org\/es\/wp-json\/wp\/v2\/posts\/5510\/revisions\/5512"}],"wp:featuredmedia":[{"embeddable":true,"href":"https:\/\/ontologiatrinitaria.org\/es\/wp-json\/wp\/v2\/media\/5464"}],"wp:attachment":[{"href":"https:\/\/ontologiatrinitaria.org\/es\/wp-json\/wp\/v2\/media?parent=5510"}],"wp:term":[{"taxonomy":"category","embeddable":true,"href":"https:\/\/ontologiatrinitaria.org\/es\/wp-json\/wp\/v2\/categories?post=5510"},{"taxonomy":"post_tag","embeddable":true,"href":"https:\/\/ontologiatrinitaria.org\/es\/wp-json\/wp\/v2\/tags?post=5510"}],"curies":[{"name":"wp","href":"https:\/\/api.w.org\/{rel}","templated":true}]}}