{"id":5549,"date":"2022-05-19T17:22:16","date_gmt":"2022-05-19T17:22:16","guid":{"rendered":"https:\/\/ontologiatrinitaria.org\/presentacion-del-diccionario-dinamico-de-ontologia-trinitaria-en-el-festival-biblico\/"},"modified":"2026-03-11T15:41:23","modified_gmt":"2026-03-11T15:41:23","slug":"presentacion-del-diccionario-dinamico-de-ontologia-trinitaria-en-el-festival-biblico","status":"publish","type":"post","link":"https:\/\/ontologiatrinitaria.org\/es\/presentacion-del-diccionario-dinamico-de-ontologia-trinitaria-en-el-festival-biblico\/","title":{"rendered":"Presentaci\u00f3n del \u00abDiccionario Din\u00e1mico de Ontolog\u00eda Trinitaria\u00bb en el Festival B\u00edblico"},"content":{"rendered":"\n<figure class=\"wp-block-embed is-type-video is-provider-youtube wp-block-embed-youtube wp-embed-aspect-16-9 wp-has-aspect-ratio\"><div class=\"wp-block-embed__wrapper\">\n<iframe loading=\"lazy\" title=\"UN NUOVO SGUARDO SULLA REALTA&#039; - Festival Biblico 2022, sede di Treviso\" width=\"1080\" height=\"608\" src=\"https:\/\/www.youtube.com\/embed\/lZltynBFCJg?feature=oembed\" frameborder=\"0\" allow=\"accelerometer; autoplay; clipboard-write; encrypted-media; gyroscope; picture-in-picture; web-share\" referrerpolicy=\"strict-origin-when-cross-origin\" allowfullscreen><\/iframe>\n<\/div><figcaption class=\"wp-element-caption\">(13 de mayo de 2022) <a rel=\"noreferrer noopener\" href=\"https:\/\/youtu.be\/lZltynBFCJg\" target=\"_blank\">https:\/\/youtu.be\/lZltynBFCJg<\/a><\/figcaption><\/figure>\n\n<p>En di\u00e1logo con Massimo Don\u00e0 y Piero Coda, \u00abUna nueva mirada sobre la realidad\u00bb, presentando los dos primeros vol\u00famenes y el proyecto del <em>Diccionario Din\u00e1mico de Ontolog\u00eda Trinitaria<\/em>, en la 18.\u00aa edici\u00f3n del Festival B\u00edblico, Treviso, el 13 de mayo de 2022.<\/p>\n","protected":false},"excerpt":{"rendered":"<p>En di\u00e1logo con Massimo Don\u00e0 y Piero Coda, \u00abUna nueva mirada sobre la realidad\u00bb, presentando los dos primeros vol\u00famenes y el proyecto del Diccionario Din\u00e1mico de Ontolog\u00eda Trinitaria, en la&#8230;<\/p>\n","protected":false},"author":3,"featured_media":5474,"comment_status":"closed","ping_status":"open","sticky":false,"template":"","format":"standard","meta":{"_nectar_blocks_hide_post_title":false,"_nectar_blocks_transparent_header_effect":false,"_nectar_blocks_transparent_header_effect_color":"light","_nectar_blocks_header_animation":false,"_nectar_blocks_header_animation_delay":0,"_nectar_blocks_header_animation_effect":"fade","_nectar_blocks_page_css":"","_nectar_blocks_page_js":"","footnotes":""},"categories":[205],"tags":[],"class_list":{"0":"post-5549","1":"post","2":"type-post","3":"status-publish","4":"format-standard","5":"has-post-thumbnail","7":"category-italia"},"yoast_head":"<!-- This site is optimized with the Yoast SEO plugin v27.2 - https:\/\/yoast.com\/product\/yoast-seo-wordpress\/ -->\n<title>Presentaci\u00f3n del \u00abDiccionario Din\u00e1mico de Ontolog\u00eda Trinitaria\u00bb en el Festival B\u00edblico - Ontologia Trinitaria<\/title>\n<meta name=\"robots\" content=\"index, follow, max-snippet:-1, max-image-preview:large, max-video-preview:-1\" \/>\n<link rel=\"canonical\" href=\"https:\/\/ontologiatrinitaria.org\/es\/presentacion-del-diccionario-dinamico-de-ontologia-trinitaria-en-el-festival-biblico\/\" \/>\n<meta property=\"og:locale\" content=\"es_ES\" \/>\n<meta property=\"og:type\" content=\"article\" \/>\n<meta property=\"og:title\" content=\"Presentaci\u00f3n del \u00abDiccionario Din\u00e1mico de Ontolog\u00eda Trinitaria\u00bb en el Festival B\u00edblico - Ontologia Trinitaria\" \/>\n<meta property=\"og:description\" content=\"En di\u00e1logo con Massimo Don\u00e0 y Piero Coda, \u00abUna nueva mirada sobre la realidad\u00bb, presentando los dos primeros vol\u00famenes y el proyecto del Diccionario Din\u00e1mico de Ontolog\u00eda Trinitaria, en la...\" \/>\n<meta property=\"og:url\" content=\"https:\/\/ontologiatrinitaria.org\/es\/presentacion-del-diccionario-dinamico-de-ontologia-trinitaria-en-el-festival-biblico\/\" \/>\n<meta property=\"og:site_name\" content=\"Ontologia Trinitaria\" \/>\n<meta property=\"article:publisher\" content=\"https:\/\/www.facebook.com\/ontologiatrinitaria\" \/>\n<meta property=\"article:published_time\" content=\"2022-05-19T17:22:16+00:00\" \/>\n<meta property=\"article:modified_time\" content=\"2026-03-11T15:41:23+00:00\" \/>\n<meta property=\"og:image\" content=\"https:\/\/ontologiatrinitaria.org\/wp-content\/uploads\/2022\/05\/05treviso_cartolina-programma-scaled.jpg\" \/>\n\t<meta property=\"og:image:width\" content=\"2560\" \/>\n\t<meta property=\"og:image:height\" content=\"1440\" \/>\n\t<meta property=\"og:image:type\" content=\"image\/jpeg\" \/>\n<meta name=\"author\" content=\"sophiatrinitarianontology\" \/>\n<meta name=\"twitter:card\" content=\"summary_large_image\" \/>\n<meta name=\"twitter:label1\" content=\"Escrito por\" \/>\n\t<meta name=\"twitter:data1\" content=\"sophiatrinitarianontology\" \/>\n<script type=\"application\/ld+json\" class=\"yoast-schema-graph\">{\"@context\":\"https:\/\/schema.org\",\"@graph\":[{\"@type\":\"Article\",\"@id\":\"https:\/\/ontologiatrinitaria.org\/es\/presentacion-del-diccionario-dinamico-de-ontologia-trinitaria-en-el-festival-biblico\/#article\",\"isPartOf\":{\"@id\":\"https:\/\/ontologiatrinitaria.org\/es\/presentacion-del-diccionario-dinamico-de-ontologia-trinitaria-en-el-festival-biblico\/\"},\"author\":{\"name\":\"sophiatrinitarianontology\",\"@id\":\"https:\/\/ontologiatrinitaria.org\/es\/#\/schema\/person\/26bb4f5de600fb3f44c4f4be5b0bb6fb\"},\"headline\":\"Presentaci\u00f3n del \u00abDiccionario Din\u00e1mico de Ontolog\u00eda Trinitaria\u00bb en el Festival B\u00edblico\",\"datePublished\":\"2022-05-19T17:22:16+00:00\",\"dateModified\":\"2026-03-11T15:41:23+00:00\",\"mainEntityOfPage\":{\"@id\":\"https:\/\/ontologiatrinitaria.org\/es\/presentacion-del-diccionario-dinamico-de-ontologia-trinitaria-en-el-festival-biblico\/\"},\"wordCount\":71,\"publisher\":{\"@id\":\"https:\/\/ontologiatrinitaria.org\/es\/#organization\"},\"image\":{\"@id\":\"https:\/\/ontologiatrinitaria.org\/es\/presentacion-del-diccionario-dinamico-de-ontologia-trinitaria-en-el-festival-biblico\/#primaryimage\"},\"thumbnailUrl\":\"https:\/\/ontologiatrinitaria.org\/wp-content\/uploads\/2022\/05\/05treviso_cartolina-programma-scaled.jpg\",\"articleSection\":[\"Italia\"],\"inLanguage\":\"es\"},{\"@type\":\"WebPage\",\"@id\":\"https:\/\/ontologiatrinitaria.org\/es\/presentacion-del-diccionario-dinamico-de-ontologia-trinitaria-en-el-festival-biblico\/\",\"url\":\"https:\/\/ontologiatrinitaria.org\/es\/presentacion-del-diccionario-dinamico-de-ontologia-trinitaria-en-el-festival-biblico\/\",\"name\":\"Presentaci\u00f3n del \u00abDiccionario Din\u00e1mico de Ontolog\u00eda Trinitaria\u00bb en el Festival B\u00edblico - Ontologia Trinitaria\",\"isPartOf\":{\"@id\":\"https:\/\/ontologiatrinitaria.org\/es\/#website\"},\"primaryImageOfPage\":{\"@id\":\"https:\/\/ontologiatrinitaria.org\/es\/presentacion-del-diccionario-dinamico-de-ontologia-trinitaria-en-el-festival-biblico\/#primaryimage\"},\"image\":{\"@id\":\"https:\/\/ontologiatrinitaria.org\/es\/presentacion-del-diccionario-dinamico-de-ontologia-trinitaria-en-el-festival-biblico\/#primaryimage\"},\"thumbnailUrl\":\"https:\/\/ontologiatrinitaria.org\/wp-content\/uploads\/2022\/05\/05treviso_cartolina-programma-scaled.jpg\",\"datePublished\":\"2022-05-19T17:22:16+00:00\",\"dateModified\":\"2026-03-11T15:41:23+00:00\",\"breadcrumb\":{\"@id\":\"https:\/\/ontologiatrinitaria.org\/es\/presentacion-del-diccionario-dinamico-de-ontologia-trinitaria-en-el-festival-biblico\/#breadcrumb\"},\"inLanguage\":\"es\",\"potentialAction\":[{\"@type\":\"ReadAction\",\"target\":[\"https:\/\/ontologiatrinitaria.org\/es\/presentacion-del-diccionario-dinamico-de-ontologia-trinitaria-en-el-festival-biblico\/\"]}]},{\"@type\":\"ImageObject\",\"inLanguage\":\"es\",\"@id\":\"https:\/\/ontologiatrinitaria.org\/es\/presentacion-del-diccionario-dinamico-de-ontologia-trinitaria-en-el-festival-biblico\/#primaryimage\",\"url\":\"https:\/\/ontologiatrinitaria.org\/wp-content\/uploads\/2022\/05\/05treviso_cartolina-programma-scaled.jpg\",\"contentUrl\":\"https:\/\/ontologiatrinitaria.org\/wp-content\/uploads\/2022\/05\/05treviso_cartolina-programma-scaled.jpg\",\"width\":2560,\"height\":1440},{\"@type\":\"BreadcrumbList\",\"@id\":\"https:\/\/ontologiatrinitaria.org\/es\/presentacion-del-diccionario-dinamico-de-ontologia-trinitaria-en-el-festival-biblico\/#breadcrumb\",\"itemListElement\":[{\"@type\":\"ListItem\",\"position\":1,\"name\":\"Home\",\"item\":\"https:\/\/ontologiatrinitaria.org\/es\/\"},{\"@type\":\"ListItem\",\"position\":2,\"name\":\"Presentaci\u00f3n del \u00abDiccionario Din\u00e1mico de Ontolog\u00eda Trinitaria\u00bb en el Festival B\u00edblico\"}]},{\"@type\":\"WebSite\",\"@id\":\"https:\/\/ontologiatrinitaria.org\/es\/#website\",\"url\":\"https:\/\/ontologiatrinitaria.org\/es\/\",\"name\":\"Ontologia Trinitaria\",\"description\":\"Itinerari e ricerche\",\"publisher\":{\"@id\":\"https:\/\/ontologiatrinitaria.org\/es\/#organization\"},\"potentialAction\":[{\"@type\":\"SearchAction\",\"target\":{\"@type\":\"EntryPoint\",\"urlTemplate\":\"https:\/\/ontologiatrinitaria.org\/es\/?s={search_term_string}\"},\"query-input\":{\"@type\":\"PropertyValueSpecification\",\"valueRequired\":true,\"valueName\":\"search_term_string\"}}],\"inLanguage\":\"es\"},{\"@type\":\"Organization\",\"@id\":\"https:\/\/ontologiatrinitaria.org\/es\/#organization\",\"name\":\"Ontologia Trinitaria\",\"url\":\"https:\/\/ontologiatrinitaria.org\/es\/\",\"logo\":{\"@type\":\"ImageObject\",\"inLanguage\":\"es\",\"@id\":\"https:\/\/ontologiatrinitaria.org\/es\/#\/schema\/logo\/image\/\",\"url\":\"https:\/\/ontologiatrinitaria.org\/wp-content\/uploads\/2025\/06\/logo_colore2.png\",\"contentUrl\":\"https:\/\/ontologiatrinitaria.org\/wp-content\/uploads\/2025\/06\/logo_colore2.png\",\"width\":402,\"height\":169,\"caption\":\"Ontologia Trinitaria\"},\"image\":{\"@id\":\"https:\/\/ontologiatrinitaria.org\/es\/#\/schema\/logo\/image\/\"},\"sameAs\":[\"https:\/\/www.facebook.com\/ontologiatrinitaria\",\"https:\/\/www.instagram.com\/ontologiatrinitaria\/\"]},{\"@type\":\"Person\",\"@id\":\"https:\/\/ontologiatrinitaria.org\/es\/#\/schema\/person\/26bb4f5de600fb3f44c4f4be5b0bb6fb\",\"name\":\"sophiatrinitarianontology\",\"image\":{\"@type\":\"ImageObject\",\"inLanguage\":\"es\",\"@id\":\"https:\/\/secure.gravatar.com\/avatar\/?s=96&d=mm&r=g\",\"url\":\"https:\/\/secure.gravatar.com\/avatar\/?s=96&d=mm&r=g\",\"contentUrl\":\"https:\/\/secure.gravatar.com\/avatar\/?s=96&d=mm&r=g\",\"caption\":\"sophiatrinitarianontology\"},\"url\":\"https:\/\/ontologiatrinitaria.org\/es\/author\/sophiatrinitarianontology\/\"}]}<\/script>\n<!-- \/ Yoast SEO plugin. -->","yoast_head_json":{"title":"Presentaci\u00f3n del \u00abDiccionario Din\u00e1mico de Ontolog\u00eda Trinitaria\u00bb en el Festival B\u00edblico - Ontologia Trinitaria","robots":{"index":"index","follow":"follow","max-snippet":"max-snippet:-1","max-image-preview":"max-image-preview:large","max-video-preview":"max-video-preview:-1"},"canonical":"https:\/\/ontologiatrinitaria.org\/es\/presentacion-del-diccionario-dinamico-de-ontologia-trinitaria-en-el-festival-biblico\/","og_locale":"es_ES","og_type":"article","og_title":"Presentaci\u00f3n del \u00abDiccionario Din\u00e1mico de Ontolog\u00eda Trinitaria\u00bb en el Festival B\u00edblico - Ontologia Trinitaria","og_description":"En di\u00e1logo con Massimo Don\u00e0 y Piero Coda, \u00abUna nueva mirada sobre la realidad\u00bb, presentando los dos primeros vol\u00famenes y el proyecto del Diccionario Din\u00e1mico de Ontolog\u00eda Trinitaria, en la...","og_url":"https:\/\/ontologiatrinitaria.org\/es\/presentacion-del-diccionario-dinamico-de-ontologia-trinitaria-en-el-festival-biblico\/","og_site_name":"Ontologia Trinitaria","article_publisher":"https:\/\/www.facebook.com\/ontologiatrinitaria","article_published_time":"2022-05-19T17:22:16+00:00","article_modified_time":"2026-03-11T15:41:23+00:00","og_image":[{"width":2560,"height":1440,"url":"https:\/\/ontologiatrinitaria.org\/wp-content\/uploads\/2022\/05\/05treviso_cartolina-programma-scaled.jpg","type":"image\/jpeg"}],"author":"sophiatrinitarianontology","twitter_card":"summary_large_image","twitter_misc":{"Escrito por":"sophiatrinitarianontology"},"schema":{"@context":"https:\/\/schema.org","@graph":[{"@type":"Article","@id":"https:\/\/ontologiatrinitaria.org\/es\/presentacion-del-diccionario-dinamico-de-ontologia-trinitaria-en-el-festival-biblico\/#article","isPartOf":{"@id":"https:\/\/ontologiatrinitaria.org\/es\/presentacion-del-diccionario-dinamico-de-ontologia-trinitaria-en-el-festival-biblico\/"},"author":{"name":"sophiatrinitarianontology","@id":"https:\/\/ontologiatrinitaria.org\/es\/#\/schema\/person\/26bb4f5de600fb3f44c4f4be5b0bb6fb"},"headline":"Presentaci\u00f3n del \u00abDiccionario Din\u00e1mico de Ontolog\u00eda Trinitaria\u00bb en el Festival B\u00edblico","datePublished":"2022-05-19T17:22:16+00:00","dateModified":"2026-03-11T15:41:23+00:00","mainEntityOfPage":{"@id":"https:\/\/ontologiatrinitaria.org\/es\/presentacion-del-diccionario-dinamico-de-ontologia-trinitaria-en-el-festival-biblico\/"},"wordCount":71,"publisher":{"@id":"https:\/\/ontologiatrinitaria.org\/es\/#organization"},"image":{"@id":"https:\/\/ontologiatrinitaria.org\/es\/presentacion-del-diccionario-dinamico-de-ontologia-trinitaria-en-el-festival-biblico\/#primaryimage"},"thumbnailUrl":"https:\/\/ontologiatrinitaria.org\/wp-content\/uploads\/2022\/05\/05treviso_cartolina-programma-scaled.jpg","articleSection":["Italia"],"inLanguage":"es"},{"@type":"WebPage","@id":"https:\/\/ontologiatrinitaria.org\/es\/presentacion-del-diccionario-dinamico-de-ontologia-trinitaria-en-el-festival-biblico\/","url":"https:\/\/ontologiatrinitaria.org\/es\/presentacion-del-diccionario-dinamico-de-ontologia-trinitaria-en-el-festival-biblico\/","name":"Presentaci\u00f3n del \u00abDiccionario Din\u00e1mico de Ontolog\u00eda Trinitaria\u00bb en el Festival B\u00edblico - Ontologia Trinitaria","isPartOf":{"@id":"https:\/\/ontologiatrinitaria.org\/es\/#website"},"primaryImageOfPage":{"@id":"https:\/\/ontologiatrinitaria.org\/es\/presentacion-del-diccionario-dinamico-de-ontologia-trinitaria-en-el-festival-biblico\/#primaryimage"},"image":{"@id":"https:\/\/ontologiatrinitaria.org\/es\/presentacion-del-diccionario-dinamico-de-ontologia-trinitaria-en-el-festival-biblico\/#primaryimage"},"thumbnailUrl":"https:\/\/ontologiatrinitaria.org\/wp-content\/uploads\/2022\/05\/05treviso_cartolina-programma-scaled.jpg","datePublished":"2022-05-19T17:22:16+00:00","dateModified":"2026-03-11T15:41:23+00:00","breadcrumb":{"@id":"https:\/\/ontologiatrinitaria.org\/es\/presentacion-del-diccionario-dinamico-de-ontologia-trinitaria-en-el-festival-biblico\/#breadcrumb"},"inLanguage":"es","potentialAction":[{"@type":"ReadAction","target":["https:\/\/ontologiatrinitaria.org\/es\/presentacion-del-diccionario-dinamico-de-ontologia-trinitaria-en-el-festival-biblico\/"]}]},{"@type":"ImageObject","inLanguage":"es","@id":"https:\/\/ontologiatrinitaria.org\/es\/presentacion-del-diccionario-dinamico-de-ontologia-trinitaria-en-el-festival-biblico\/#primaryimage","url":"https:\/\/ontologiatrinitaria.org\/wp-content\/uploads\/2022\/05\/05treviso_cartolina-programma-scaled.jpg","contentUrl":"https:\/\/ontologiatrinitaria.org\/wp-content\/uploads\/2022\/05\/05treviso_cartolina-programma-scaled.jpg","width":2560,"height":1440},{"@type":"BreadcrumbList","@id":"https:\/\/ontologiatrinitaria.org\/es\/presentacion-del-diccionario-dinamico-de-ontologia-trinitaria-en-el-festival-biblico\/#breadcrumb","itemListElement":[{"@type":"ListItem","position":1,"name":"Home","item":"https:\/\/ontologiatrinitaria.org\/es\/"},{"@type":"ListItem","position":2,"name":"Presentaci\u00f3n del \u00abDiccionario Din\u00e1mico de Ontolog\u00eda Trinitaria\u00bb en el Festival B\u00edblico"}]},{"@type":"WebSite","@id":"https:\/\/ontologiatrinitaria.org\/es\/#website","url":"https:\/\/ontologiatrinitaria.org\/es\/","name":"Ontologia Trinitaria","description":"Itinerari e ricerche","publisher":{"@id":"https:\/\/ontologiatrinitaria.org\/es\/#organization"},"potentialAction":[{"@type":"SearchAction","target":{"@type":"EntryPoint","urlTemplate":"https:\/\/ontologiatrinitaria.org\/es\/?s={search_term_string}"},"query-input":{"@type":"PropertyValueSpecification","valueRequired":true,"valueName":"search_term_string"}}],"inLanguage":"es"},{"@type":"Organization","@id":"https:\/\/ontologiatrinitaria.org\/es\/#organization","name":"Ontologia Trinitaria","url":"https:\/\/ontologiatrinitaria.org\/es\/","logo":{"@type":"ImageObject","inLanguage":"es","@id":"https:\/\/ontologiatrinitaria.org\/es\/#\/schema\/logo\/image\/","url":"https:\/\/ontologiatrinitaria.org\/wp-content\/uploads\/2025\/06\/logo_colore2.png","contentUrl":"https:\/\/ontologiatrinitaria.org\/wp-content\/uploads\/2025\/06\/logo_colore2.png","width":402,"height":169,"caption":"Ontologia Trinitaria"},"image":{"@id":"https:\/\/ontologiatrinitaria.org\/es\/#\/schema\/logo\/image\/"},"sameAs":["https:\/\/www.facebook.com\/ontologiatrinitaria","https:\/\/www.instagram.com\/ontologiatrinitaria\/"]},{"@type":"Person","@id":"https:\/\/ontologiatrinitaria.org\/es\/#\/schema\/person\/26bb4f5de600fb3f44c4f4be5b0bb6fb","name":"sophiatrinitarianontology","image":{"@type":"ImageObject","inLanguage":"es","@id":"https:\/\/secure.gravatar.com\/avatar\/?s=96&d=mm&r=g","url":"https:\/\/secure.gravatar.com\/avatar\/?s=96&d=mm&r=g","contentUrl":"https:\/\/secure.gravatar.com\/avatar\/?s=96&d=mm&r=g","caption":"sophiatrinitarianontology"},"url":"https:\/\/ontologiatrinitaria.org\/es\/author\/sophiatrinitarianontology\/"}]}},"_links":{"self":[{"href":"https:\/\/ontologiatrinitaria.org\/es\/wp-json\/wp\/v2\/posts\/5549","targetHints":{"allow":["GET"]}}],"collection":[{"href":"https:\/\/ontologiatrinitaria.org\/es\/wp-json\/wp\/v2\/posts"}],"about":[{"href":"https:\/\/ontologiatrinitaria.org\/es\/wp-json\/wp\/v2\/types\/post"}],"author":[{"embeddable":true,"href":"https:\/\/ontologiatrinitaria.org\/es\/wp-json\/wp\/v2\/users\/3"}],"replies":[{"embeddable":true,"href":"https:\/\/ontologiatrinitaria.org\/es\/wp-json\/wp\/v2\/comments?post=5549"}],"version-history":[{"count":1,"href":"https:\/\/ontologiatrinitaria.org\/es\/wp-json\/wp\/v2\/posts\/5549\/revisions"}],"predecessor-version":[{"id":5551,"href":"https:\/\/ontologiatrinitaria.org\/es\/wp-json\/wp\/v2\/posts\/5549\/revisions\/5551"}],"wp:featuredmedia":[{"embeddable":true,"href":"https:\/\/ontologiatrinitaria.org\/es\/wp-json\/wp\/v2\/media\/5474"}],"wp:attachment":[{"href":"https:\/\/ontologiatrinitaria.org\/es\/wp-json\/wp\/v2\/media?parent=5549"}],"wp:term":[{"taxonomy":"category","embeddable":true,"href":"https:\/\/ontologiatrinitaria.org\/es\/wp-json\/wp\/v2\/categories?post=5549"},{"taxonomy":"post_tag","embeddable":true,"href":"https:\/\/ontologiatrinitaria.org\/es\/wp-json\/wp\/v2\/tags?post=5549"}],"curies":[{"name":"wp","href":"https:\/\/api.w.org\/{rel}","templated":true}]}}