{"id":5571,"date":"2024-04-02T15:46:14","date_gmt":"2024-04-02T15:46:14","guid":{"rendered":"https:\/\/ontologiatrinitaria.org\/una-jornada-de-estudio-re-pensando-el-pensamiento\/"},"modified":"2026-03-11T15:41:32","modified_gmt":"2026-03-11T15:41:32","slug":"una-jornada-de-estudio-re-pensando-el-pensamiento","status":"publish","type":"post","link":"https:\/\/ontologiatrinitaria.org\/es\/una-jornada-de-estudio-re-pensando-el-pensamiento\/","title":{"rendered":"Una jornada de estudio, re-pensando el pensamiento"},"content":{"rendered":"\n<p class=\"has-text-align-center\">Con motivo de la publicaci\u00f3n del \u00faltimo volumen <a href=\"https:\/\/trinitarian-ontology.org\/2024\/03\/20\/ddot-6-sul-pensiero-nel-iv-secolo\/\" target=\"_blank\" rel=\"noreferrer noopener\">DDOT-6 <em>sobre la actualidad de Nicea y el siglo IV<\/em><\/a>: <strong>una jornada de estudio y di\u00e1logo <\/strong>en torno al proyecto editorial y de investigaci\u00f3n del <em>Diccionario Din\u00e1mico de Ontolog\u00eda Trinitaria<\/em> y a la actualidad y los desaf\u00edos de una ontolog\u00eda trinitaria para la filosof\u00eda y la teolog\u00eda,<\/p>\n\n<p class=\"has-text-align-center\"><strong>el 3 de abril de 2024 en la Facultad de Filosof\u00eda de la UniSR, con la posibilidad de participar tambi\u00e9n en l\u00ednea,<\/strong> escribiendo a: <a href=\"mailto:genesis@unisr.it\">genesis@unisr.it<\/a><br\/><\/p>\n\n<h2 class=\"wp-block-heading has-text-align-center\"><strong><em>RE-PENSAR EL PENSAMIENTO con el \u00abDICCIONARIO DIN\u00c1MICO DE ONTOLOG\u00cdA TRINITARIA\u00bb<\/em><\/strong><\/h2>\n\n<div class=\"wp-block-columns is-layout-flex wp-container-core-columns-is-layout-9d6595d7 wp-block-columns-is-layout-flex\">\n<div class=\"wp-block-column is-vertically-aligned-top is-layout-flow wp-block-column-is-layout-flow\"><figure class=\"wp-block-post-featured-image\"><img loading=\"lazy\" decoding=\"async\" width=\"992\" height=\"794\" src=\"https:\/\/ontologiatrinitaria.org\/wp-content\/uploads\/2024\/04\/uniSR.jpg\" class=\"attachment-post-thumbnail size-post-thumbnail wp-post-image\" alt=\"\" style=\"object-fit:cover;\" srcset=\"https:\/\/ontologiatrinitaria.org\/wp-content\/uploads\/2024\/04\/uniSR.jpg 992w, https:\/\/ontologiatrinitaria.org\/wp-content\/uploads\/2024\/04\/uniSR-300x240.jpg 300w, https:\/\/ontologiatrinitaria.org\/wp-content\/uploads\/2024\/04\/uniSR-768x615.jpg 768w\" sizes=\"auto, (max-width: 992px) 100vw, 992px\" \/><\/figure><\/div>\n<\/div>\n","protected":false},"excerpt":{"rendered":"<p>Con motivo de la publicaci\u00f3n del \u00faltimo volumen DDOT-6 sobre la actualidad de Nicea y el siglo IV: una jornada de estudio y di\u00e1logo en torno al proyecto editorial y&#8230;<\/p>\n","protected":false},"author":3,"featured_media":5467,"comment_status":"closed","ping_status":"open","sticky":false,"template":"","format":"standard","meta":{"_nectar_blocks_hide_post_title":false,"_nectar_blocks_transparent_header_effect":false,"_nectar_blocks_transparent_header_effect_color":"light","_nectar_blocks_header_animation":false,"_nectar_blocks_header_animation_delay":0,"_nectar_blocks_header_animation_effect":"fade","_nectar_blocks_page_css":"","_nectar_blocks_page_js":"","footnotes":""},"categories":[205],"tags":[],"class_list":{"0":"post-5571","1":"post","2":"type-post","3":"status-publish","4":"format-standard","5":"has-post-thumbnail","7":"category-italia"},"yoast_head":"<!-- This site is optimized with the Yoast SEO plugin v27.2 - https:\/\/yoast.com\/product\/yoast-seo-wordpress\/ -->\n<title>Una jornada de estudio, re-pensando el pensamiento - Ontologia Trinitaria<\/title>\n<meta name=\"robots\" content=\"index, follow, max-snippet:-1, max-image-preview:large, max-video-preview:-1\" \/>\n<link rel=\"canonical\" href=\"https:\/\/ontologiatrinitaria.org\/es\/una-jornada-de-estudio-re-pensando-el-pensamiento\/\" \/>\n<meta property=\"og:locale\" content=\"es_ES\" \/>\n<meta property=\"og:type\" content=\"article\" \/>\n<meta property=\"og:title\" content=\"Una jornada de estudio, re-pensando el pensamiento - Ontologia Trinitaria\" \/>\n<meta property=\"og:description\" content=\"Con motivo de la publicaci\u00f3n del \u00faltimo volumen DDOT-6 sobre la actualidad de Nicea y el siglo IV: una jornada de estudio y di\u00e1logo en torno al proyecto editorial y...\" \/>\n<meta property=\"og:url\" content=\"https:\/\/ontologiatrinitaria.org\/es\/una-jornada-de-estudio-re-pensando-el-pensamiento\/\" \/>\n<meta property=\"og:site_name\" content=\"Ontologia Trinitaria\" \/>\n<meta property=\"article:publisher\" content=\"https:\/\/www.facebook.com\/ontologiatrinitaria\" \/>\n<meta property=\"article:published_time\" content=\"2024-04-02T15:46:14+00:00\" \/>\n<meta property=\"article:modified_time\" content=\"2026-03-11T15:41:32+00:00\" \/>\n<meta property=\"og:image\" content=\"https:\/\/ontologiatrinitaria.org\/wp-content\/uploads\/2024\/04\/uniSR.jpg\" \/>\n\t<meta property=\"og:image:width\" content=\"992\" \/>\n\t<meta property=\"og:image:height\" content=\"794\" \/>\n\t<meta property=\"og:image:type\" content=\"image\/jpeg\" \/>\n<meta name=\"author\" content=\"sophiatrinitarianontology\" \/>\n<meta name=\"twitter:card\" content=\"summary_large_image\" \/>\n<meta name=\"twitter:label1\" content=\"Escrito por\" \/>\n\t<meta name=\"twitter:data1\" content=\"sophiatrinitarianontology\" \/>\n\t<meta name=\"twitter:label2\" content=\"Tiempo de lectura\" \/>\n\t<meta name=\"twitter:data2\" content=\"1 minuto\" \/>\n<script type=\"application\/ld+json\" class=\"yoast-schema-graph\">{\"@context\":\"https:\/\/schema.org\",\"@graph\":[{\"@type\":\"Article\",\"@id\":\"https:\/\/ontologiatrinitaria.org\/es\/una-jornada-de-estudio-re-pensando-el-pensamiento\/#article\",\"isPartOf\":{\"@id\":\"https:\/\/ontologiatrinitaria.org\/es\/una-jornada-de-estudio-re-pensando-el-pensamiento\/\"},\"author\":{\"name\":\"sophiatrinitarianontology\",\"@id\":\"https:\/\/ontologiatrinitaria.org\/es\/#\/schema\/person\/26bb4f5de600fb3f44c4f4be5b0bb6fb\"},\"headline\":\"Una jornada de estudio, re-pensando el pensamiento\",\"datePublished\":\"2024-04-02T15:46:14+00:00\",\"dateModified\":\"2026-03-11T15:41:32+00:00\",\"mainEntityOfPage\":{\"@id\":\"https:\/\/ontologiatrinitaria.org\/es\/una-jornada-de-estudio-re-pensando-el-pensamiento\/\"},\"wordCount\":111,\"publisher\":{\"@id\":\"https:\/\/ontologiatrinitaria.org\/es\/#organization\"},\"image\":{\"@id\":\"https:\/\/ontologiatrinitaria.org\/es\/una-jornada-de-estudio-re-pensando-el-pensamiento\/#primaryimage\"},\"thumbnailUrl\":\"https:\/\/ontologiatrinitaria.org\/wp-content\/uploads\/2024\/04\/uniSR.jpg\",\"articleSection\":[\"Italia\"],\"inLanguage\":\"es\"},{\"@type\":\"WebPage\",\"@id\":\"https:\/\/ontologiatrinitaria.org\/es\/una-jornada-de-estudio-re-pensando-el-pensamiento\/\",\"url\":\"https:\/\/ontologiatrinitaria.org\/es\/una-jornada-de-estudio-re-pensando-el-pensamiento\/\",\"name\":\"Una jornada de estudio, re-pensando el pensamiento - Ontologia Trinitaria\",\"isPartOf\":{\"@id\":\"https:\/\/ontologiatrinitaria.org\/es\/#website\"},\"primaryImageOfPage\":{\"@id\":\"https:\/\/ontologiatrinitaria.org\/es\/una-jornada-de-estudio-re-pensando-el-pensamiento\/#primaryimage\"},\"image\":{\"@id\":\"https:\/\/ontologiatrinitaria.org\/es\/una-jornada-de-estudio-re-pensando-el-pensamiento\/#primaryimage\"},\"thumbnailUrl\":\"https:\/\/ontologiatrinitaria.org\/wp-content\/uploads\/2024\/04\/uniSR.jpg\",\"datePublished\":\"2024-04-02T15:46:14+00:00\",\"dateModified\":\"2026-03-11T15:41:32+00:00\",\"breadcrumb\":{\"@id\":\"https:\/\/ontologiatrinitaria.org\/es\/una-jornada-de-estudio-re-pensando-el-pensamiento\/#breadcrumb\"},\"inLanguage\":\"es\",\"potentialAction\":[{\"@type\":\"ReadAction\",\"target\":[\"https:\/\/ontologiatrinitaria.org\/es\/una-jornada-de-estudio-re-pensando-el-pensamiento\/\"]}]},{\"@type\":\"ImageObject\",\"inLanguage\":\"es\",\"@id\":\"https:\/\/ontologiatrinitaria.org\/es\/una-jornada-de-estudio-re-pensando-el-pensamiento\/#primaryimage\",\"url\":\"https:\/\/ontologiatrinitaria.org\/wp-content\/uploads\/2024\/04\/uniSR.jpg\",\"contentUrl\":\"https:\/\/ontologiatrinitaria.org\/wp-content\/uploads\/2024\/04\/uniSR.jpg\",\"width\":992,\"height\":794},{\"@type\":\"BreadcrumbList\",\"@id\":\"https:\/\/ontologiatrinitaria.org\/es\/una-jornada-de-estudio-re-pensando-el-pensamiento\/#breadcrumb\",\"itemListElement\":[{\"@type\":\"ListItem\",\"position\":1,\"name\":\"Home\",\"item\":\"https:\/\/ontologiatrinitaria.org\/es\/\"},{\"@type\":\"ListItem\",\"position\":2,\"name\":\"Una jornada de estudio, re-pensando el pensamiento\"}]},{\"@type\":\"WebSite\",\"@id\":\"https:\/\/ontologiatrinitaria.org\/es\/#website\",\"url\":\"https:\/\/ontologiatrinitaria.org\/es\/\",\"name\":\"Ontologia Trinitaria\",\"description\":\"Itinerari e ricerche\",\"publisher\":{\"@id\":\"https:\/\/ontologiatrinitaria.org\/es\/#organization\"},\"potentialAction\":[{\"@type\":\"SearchAction\",\"target\":{\"@type\":\"EntryPoint\",\"urlTemplate\":\"https:\/\/ontologiatrinitaria.org\/es\/?s={search_term_string}\"},\"query-input\":{\"@type\":\"PropertyValueSpecification\",\"valueRequired\":true,\"valueName\":\"search_term_string\"}}],\"inLanguage\":\"es\"},{\"@type\":\"Organization\",\"@id\":\"https:\/\/ontologiatrinitaria.org\/es\/#organization\",\"name\":\"Ontologia Trinitaria\",\"url\":\"https:\/\/ontologiatrinitaria.org\/es\/\",\"logo\":{\"@type\":\"ImageObject\",\"inLanguage\":\"es\",\"@id\":\"https:\/\/ontologiatrinitaria.org\/es\/#\/schema\/logo\/image\/\",\"url\":\"https:\/\/ontologiatrinitaria.org\/wp-content\/uploads\/2025\/06\/logo_colore2.png\",\"contentUrl\":\"https:\/\/ontologiatrinitaria.org\/wp-content\/uploads\/2025\/06\/logo_colore2.png\",\"width\":402,\"height\":169,\"caption\":\"Ontologia Trinitaria\"},\"image\":{\"@id\":\"https:\/\/ontologiatrinitaria.org\/es\/#\/schema\/logo\/image\/\"},\"sameAs\":[\"https:\/\/www.facebook.com\/ontologiatrinitaria\",\"https:\/\/www.instagram.com\/ontologiatrinitaria\/\"]},{\"@type\":\"Person\",\"@id\":\"https:\/\/ontologiatrinitaria.org\/es\/#\/schema\/person\/26bb4f5de600fb3f44c4f4be5b0bb6fb\",\"name\":\"sophiatrinitarianontology\",\"image\":{\"@type\":\"ImageObject\",\"inLanguage\":\"es\",\"@id\":\"https:\/\/secure.gravatar.com\/avatar\/?s=96&d=mm&r=g\",\"url\":\"https:\/\/secure.gravatar.com\/avatar\/?s=96&d=mm&r=g\",\"contentUrl\":\"https:\/\/secure.gravatar.com\/avatar\/?s=96&d=mm&r=g\",\"caption\":\"sophiatrinitarianontology\"},\"url\":\"https:\/\/ontologiatrinitaria.org\/es\/author\/sophiatrinitarianontology\/\"}]}<\/script>\n<!-- \/ Yoast SEO plugin. -->","yoast_head_json":{"title":"Una jornada de estudio, re-pensando el pensamiento - Ontologia Trinitaria","robots":{"index":"index","follow":"follow","max-snippet":"max-snippet:-1","max-image-preview":"max-image-preview:large","max-video-preview":"max-video-preview:-1"},"canonical":"https:\/\/ontologiatrinitaria.org\/es\/una-jornada-de-estudio-re-pensando-el-pensamiento\/","og_locale":"es_ES","og_type":"article","og_title":"Una jornada de estudio, re-pensando el pensamiento - Ontologia Trinitaria","og_description":"Con motivo de la publicaci\u00f3n del \u00faltimo volumen DDOT-6 sobre la actualidad de Nicea y el siglo IV: una jornada de estudio y di\u00e1logo en torno al proyecto editorial y...","og_url":"https:\/\/ontologiatrinitaria.org\/es\/una-jornada-de-estudio-re-pensando-el-pensamiento\/","og_site_name":"Ontologia Trinitaria","article_publisher":"https:\/\/www.facebook.com\/ontologiatrinitaria","article_published_time":"2024-04-02T15:46:14+00:00","article_modified_time":"2026-03-11T15:41:32+00:00","og_image":[{"width":992,"height":794,"url":"https:\/\/ontologiatrinitaria.org\/wp-content\/uploads\/2024\/04\/uniSR.jpg","type":"image\/jpeg"}],"author":"sophiatrinitarianontology","twitter_card":"summary_large_image","twitter_misc":{"Escrito por":"sophiatrinitarianontology","Tiempo de lectura":"1 minuto"},"schema":{"@context":"https:\/\/schema.org","@graph":[{"@type":"Article","@id":"https:\/\/ontologiatrinitaria.org\/es\/una-jornada-de-estudio-re-pensando-el-pensamiento\/#article","isPartOf":{"@id":"https:\/\/ontologiatrinitaria.org\/es\/una-jornada-de-estudio-re-pensando-el-pensamiento\/"},"author":{"name":"sophiatrinitarianontology","@id":"https:\/\/ontologiatrinitaria.org\/es\/#\/schema\/person\/26bb4f5de600fb3f44c4f4be5b0bb6fb"},"headline":"Una jornada de estudio, re-pensando el pensamiento","datePublished":"2024-04-02T15:46:14+00:00","dateModified":"2026-03-11T15:41:32+00:00","mainEntityOfPage":{"@id":"https:\/\/ontologiatrinitaria.org\/es\/una-jornada-de-estudio-re-pensando-el-pensamiento\/"},"wordCount":111,"publisher":{"@id":"https:\/\/ontologiatrinitaria.org\/es\/#organization"},"image":{"@id":"https:\/\/ontologiatrinitaria.org\/es\/una-jornada-de-estudio-re-pensando-el-pensamiento\/#primaryimage"},"thumbnailUrl":"https:\/\/ontologiatrinitaria.org\/wp-content\/uploads\/2024\/04\/uniSR.jpg","articleSection":["Italia"],"inLanguage":"es"},{"@type":"WebPage","@id":"https:\/\/ontologiatrinitaria.org\/es\/una-jornada-de-estudio-re-pensando-el-pensamiento\/","url":"https:\/\/ontologiatrinitaria.org\/es\/una-jornada-de-estudio-re-pensando-el-pensamiento\/","name":"Una jornada de estudio, re-pensando el pensamiento - Ontologia Trinitaria","isPartOf":{"@id":"https:\/\/ontologiatrinitaria.org\/es\/#website"},"primaryImageOfPage":{"@id":"https:\/\/ontologiatrinitaria.org\/es\/una-jornada-de-estudio-re-pensando-el-pensamiento\/#primaryimage"},"image":{"@id":"https:\/\/ontologiatrinitaria.org\/es\/una-jornada-de-estudio-re-pensando-el-pensamiento\/#primaryimage"},"thumbnailUrl":"https:\/\/ontologiatrinitaria.org\/wp-content\/uploads\/2024\/04\/uniSR.jpg","datePublished":"2024-04-02T15:46:14+00:00","dateModified":"2026-03-11T15:41:32+00:00","breadcrumb":{"@id":"https:\/\/ontologiatrinitaria.org\/es\/una-jornada-de-estudio-re-pensando-el-pensamiento\/#breadcrumb"},"inLanguage":"es","potentialAction":[{"@type":"ReadAction","target":["https:\/\/ontologiatrinitaria.org\/es\/una-jornada-de-estudio-re-pensando-el-pensamiento\/"]}]},{"@type":"ImageObject","inLanguage":"es","@id":"https:\/\/ontologiatrinitaria.org\/es\/una-jornada-de-estudio-re-pensando-el-pensamiento\/#primaryimage","url":"https:\/\/ontologiatrinitaria.org\/wp-content\/uploads\/2024\/04\/uniSR.jpg","contentUrl":"https:\/\/ontologiatrinitaria.org\/wp-content\/uploads\/2024\/04\/uniSR.jpg","width":992,"height":794},{"@type":"BreadcrumbList","@id":"https:\/\/ontologiatrinitaria.org\/es\/una-jornada-de-estudio-re-pensando-el-pensamiento\/#breadcrumb","itemListElement":[{"@type":"ListItem","position":1,"name":"Home","item":"https:\/\/ontologiatrinitaria.org\/es\/"},{"@type":"ListItem","position":2,"name":"Una jornada de estudio, re-pensando el pensamiento"}]},{"@type":"WebSite","@id":"https:\/\/ontologiatrinitaria.org\/es\/#website","url":"https:\/\/ontologiatrinitaria.org\/es\/","name":"Ontologia Trinitaria","description":"Itinerari e ricerche","publisher":{"@id":"https:\/\/ontologiatrinitaria.org\/es\/#organization"},"potentialAction":[{"@type":"SearchAction","target":{"@type":"EntryPoint","urlTemplate":"https:\/\/ontologiatrinitaria.org\/es\/?s={search_term_string}"},"query-input":{"@type":"PropertyValueSpecification","valueRequired":true,"valueName":"search_term_string"}}],"inLanguage":"es"},{"@type":"Organization","@id":"https:\/\/ontologiatrinitaria.org\/es\/#organization","name":"Ontologia Trinitaria","url":"https:\/\/ontologiatrinitaria.org\/es\/","logo":{"@type":"ImageObject","inLanguage":"es","@id":"https:\/\/ontologiatrinitaria.org\/es\/#\/schema\/logo\/image\/","url":"https:\/\/ontologiatrinitaria.org\/wp-content\/uploads\/2025\/06\/logo_colore2.png","contentUrl":"https:\/\/ontologiatrinitaria.org\/wp-content\/uploads\/2025\/06\/logo_colore2.png","width":402,"height":169,"caption":"Ontologia Trinitaria"},"image":{"@id":"https:\/\/ontologiatrinitaria.org\/es\/#\/schema\/logo\/image\/"},"sameAs":["https:\/\/www.facebook.com\/ontologiatrinitaria","https:\/\/www.instagram.com\/ontologiatrinitaria\/"]},{"@type":"Person","@id":"https:\/\/ontologiatrinitaria.org\/es\/#\/schema\/person\/26bb4f5de600fb3f44c4f4be5b0bb6fb","name":"sophiatrinitarianontology","image":{"@type":"ImageObject","inLanguage":"es","@id":"https:\/\/secure.gravatar.com\/avatar\/?s=96&d=mm&r=g","url":"https:\/\/secure.gravatar.com\/avatar\/?s=96&d=mm&r=g","contentUrl":"https:\/\/secure.gravatar.com\/avatar\/?s=96&d=mm&r=g","caption":"sophiatrinitarianontology"},"url":"https:\/\/ontologiatrinitaria.org\/es\/author\/sophiatrinitarianontology\/"}]}},"_links":{"self":[{"href":"https:\/\/ontologiatrinitaria.org\/es\/wp-json\/wp\/v2\/posts\/5571","targetHints":{"allow":["GET"]}}],"collection":[{"href":"https:\/\/ontologiatrinitaria.org\/es\/wp-json\/wp\/v2\/posts"}],"about":[{"href":"https:\/\/ontologiatrinitaria.org\/es\/wp-json\/wp\/v2\/types\/post"}],"author":[{"embeddable":true,"href":"https:\/\/ontologiatrinitaria.org\/es\/wp-json\/wp\/v2\/users\/3"}],"replies":[{"embeddable":true,"href":"https:\/\/ontologiatrinitaria.org\/es\/wp-json\/wp\/v2\/comments?post=5571"}],"version-history":[{"count":1,"href":"https:\/\/ontologiatrinitaria.org\/es\/wp-json\/wp\/v2\/posts\/5571\/revisions"}],"predecessor-version":[{"id":5573,"href":"https:\/\/ontologiatrinitaria.org\/es\/wp-json\/wp\/v2\/posts\/5571\/revisions\/5573"}],"wp:featuredmedia":[{"embeddable":true,"href":"https:\/\/ontologiatrinitaria.org\/es\/wp-json\/wp\/v2\/media\/5467"}],"wp:attachment":[{"href":"https:\/\/ontologiatrinitaria.org\/es\/wp-json\/wp\/v2\/media?parent=5571"}],"wp:term":[{"taxonomy":"category","embeddable":true,"href":"https:\/\/ontologiatrinitaria.org\/es\/wp-json\/wp\/v2\/categories?post=5571"},{"taxonomy":"post_tag","embeddable":true,"href":"https:\/\/ontologiatrinitaria.org\/es\/wp-json\/wp\/v2\/tags?post=5571"}],"curies":[{"name":"wp","href":"https:\/\/api.w.org\/{rel}","templated":true}]}}