{"id":5579,"date":"2025-03-20T18:18:31","date_gmt":"2025-03-20T18:18:31","guid":{"rendered":"https:\/\/ontologiatrinitaria.org\/fenomenologia-de-la-creacion-con-el-prof-pierangelo-sequeri-25-de-marzo-de-2025\/"},"modified":"2026-03-11T15:41:32","modified_gmt":"2026-03-11T15:41:32","slug":"fenomenologia-de-la-creacion-con-el-prof-pierangelo-sequeri-25-de-marzo-de-2025","status":"publish","type":"post","link":"https:\/\/ontologiatrinitaria.org\/es\/fenomenologia-de-la-creacion-con-el-prof-pierangelo-sequeri-25-de-marzo-de-2025\/","title":{"rendered":"\u00abFenomenolog\u00eda de la Creaci\u00f3n\u00bb con el prof. Pierangelo Sequeri (25 de marzo de 2025)"},"content":{"rendered":"<p>Tras el seminario del pasado mes de <span id=\"OBJ_PREFIX_DWT475_com_zimbra_date\" class=\"Object\" role=\"link\">enero<\/span> impartido por el prof. Piero Coda en el Instituto Universitario Sophia, como parte del ciclo de seminarios sobre la Creaci\u00f3n promovido por el Comit\u00e9 de redacci\u00f3n del Diccionario Din\u00e1mico de Ontolog\u00eda Trinitaria (DDOT), en colaboraci\u00f3n con el Centro Genesis y el Centro Diaporein, tendr\u00e1 lugar u<strong>n segundo seminario sobre \u00abFenomenolog\u00eda de la Creaci\u00f3n\u00bb con el prof. Pierangelo Sequeri, en la Universidad Vita-Salute San Raffaele de Mil\u00e1n, el martes 25 de marzo de 2025, de 14:00 a 16:00.<\/strong><\/p>\n<p>Los encuentros est\u00e1n abiertos a quienes est\u00e9n interesados en practicar esta forma de estudiar y pensar juntos, en el espacio de un di\u00e1logo fecundo entre filosof\u00eda y teolog\u00eda.<\/p>\n<p><strong><em>Aqu\u00ed tiene <a href=\"https:\/\/teams.microsoft.com\/l\/meetup-join\/19%3ameeting_M2ViNjM2ZjctZWM2OS00N2ViLWI2MmQtNGY3ZTdmZWRjMmZh%40thread.v2\/0?context=%7b%22Tid%22%3a%22332da351-3370-4472-aaf7-a03b2c9f58f8%22%2c%22Oid%22%3a%224188f273-6743-4e22-b3b6-f2bc9343f69d%22%7d\">el enlace<\/a> para conectarse<\/em><\/strong><\/p>\n<p><span style=\"font-size: 16px;\">Para cualquier otra informaci\u00f3n, pueden escribir a: <\/span><span id=\"OBJ_PREFIX_DWT477_ZmEmailObjectHandler\" class=\"Object\" style=\"font-size: 16px;\" role=\"link\"><span id=\"OBJ_PREFIX_DWT479_ZmEmailObjectHandler\" class=\"Object\" role=\"link\"><a href=\"mailto:genesis@unisr.it\" target=\"_blank\" rel=\"nofollow noopener noreferrer\">genesis@unisr.it<\/a><\/span><\/span><\/p>\n\n<p id=\"block-IZuRb6Vw5P\" class=\"wp-block-nectar-blocks-text nectar-blocks-text\"><\/p>\n","protected":false},"excerpt":{"rendered":"<p>Tras el seminario del pasado mes de enero impartido por el prof. Piero Coda en el Instituto Universitario Sophia, como parte del ciclo de seminarios sobre la Creaci\u00f3n promovido por&#8230;<\/p>\n","protected":false},"author":5,"featured_media":5462,"comment_status":"closed","ping_status":"open","sticky":false,"template":"","format":"standard","meta":{"_nectar_blocks_hide_post_title":false,"_nectar_blocks_transparent_header_effect":false,"_nectar_blocks_transparent_header_effect_color":"light","_nectar_blocks_header_animation":false,"_nectar_blocks_header_animation_delay":0,"_nectar_blocks_header_animation_effect":"fade","_nectar_blocks_page_css":"","_nectar_blocks_page_js":"","footnotes":""},"categories":[205],"tags":[],"class_list":{"0":"post-5579","1":"post","2":"type-post","3":"status-publish","4":"format-standard","5":"has-post-thumbnail","7":"category-italia"},"yoast_head":"<!-- This site is optimized with the Yoast SEO plugin v27.2 - https:\/\/yoast.com\/product\/yoast-seo-wordpress\/ -->\n<title>\u00abFenomenolog\u00eda de la Creaci\u00f3n\u00bb con el prof. Pierangelo Sequeri (25 de marzo de 2025) - Ontologia Trinitaria<\/title>\n<meta name=\"robots\" content=\"index, follow, max-snippet:-1, max-image-preview:large, max-video-preview:-1\" \/>\n<link rel=\"canonical\" href=\"https:\/\/ontologiatrinitaria.org\/es\/fenomenologia-de-la-creacion-con-el-prof-pierangelo-sequeri-25-de-marzo-de-2025\/\" \/>\n<meta property=\"og:locale\" content=\"es_ES\" \/>\n<meta property=\"og:type\" content=\"article\" \/>\n<meta property=\"og:title\" content=\"\u00abFenomenolog\u00eda de la Creaci\u00f3n\u00bb con el prof. Pierangelo Sequeri (25 de marzo de 2025) - Ontologia Trinitaria\" \/>\n<meta property=\"og:description\" content=\"Tras el seminario del pasado mes de enero impartido por el prof. Piero Coda en el Instituto Universitario Sophia, como parte del ciclo de seminarios sobre la Creaci\u00f3n promovido por...\" \/>\n<meta property=\"og:url\" content=\"https:\/\/ontologiatrinitaria.org\/es\/fenomenologia-de-la-creacion-con-el-prof-pierangelo-sequeri-25-de-marzo-de-2025\/\" \/>\n<meta property=\"og:site_name\" content=\"Ontologia Trinitaria\" \/>\n<meta property=\"article:publisher\" content=\"https:\/\/www.facebook.com\/ontologiatrinitaria\" \/>\n<meta property=\"article:published_time\" content=\"2025-03-20T18:18:31+00:00\" \/>\n<meta property=\"article:modified_time\" content=\"2026-03-11T15:41:32+00:00\" \/>\n<meta property=\"og:image\" content=\"https:\/\/ontologiatrinitaria.org\/wp-content\/uploads\/2025\/03\/20250325Seminario-scaled.jpg\" \/>\n\t<meta property=\"og:image:width\" content=\"2560\" \/>\n\t<meta property=\"og:image:height\" content=\"954\" \/>\n\t<meta property=\"og:image:type\" content=\"image\/jpeg\" \/>\n<meta name=\"author\" content=\"OT\" \/>\n<meta name=\"twitter:card\" content=\"summary_large_image\" \/>\n<meta name=\"twitter:label1\" content=\"Escrito por\" \/>\n\t<meta name=\"twitter:data1\" content=\"OT\" \/>\n\t<meta name=\"twitter:label2\" content=\"Tiempo de lectura\" \/>\n\t<meta name=\"twitter:data2\" content=\"1 minuto\" \/>\n<script type=\"application\/ld+json\" class=\"yoast-schema-graph\">{\"@context\":\"https:\/\/schema.org\",\"@graph\":[{\"@type\":\"Article\",\"@id\":\"https:\/\/ontologiatrinitaria.org\/es\/fenomenologia-de-la-creacion-con-el-prof-pierangelo-sequeri-25-de-marzo-de-2025\/#article\",\"isPartOf\":{\"@id\":\"https:\/\/ontologiatrinitaria.org\/es\/fenomenologia-de-la-creacion-con-el-prof-pierangelo-sequeri-25-de-marzo-de-2025\/\"},\"author\":{\"name\":\"OT\",\"@id\":\"https:\/\/ontologiatrinitaria.org\/es\/#\/schema\/person\/ee5d90536872f1469195cf0363cff6ed\"},\"headline\":\"\u00abFenomenolog\u00eda de la Creaci\u00f3n\u00bb con el prof. Pierangelo Sequeri (25 de marzo de 2025)\",\"datePublished\":\"2025-03-20T18:18:31+00:00\",\"dateModified\":\"2026-03-11T15:41:32+00:00\",\"mainEntityOfPage\":{\"@id\":\"https:\/\/ontologiatrinitaria.org\/es\/fenomenologia-de-la-creacion-con-el-prof-pierangelo-sequeri-25-de-marzo-de-2025\/\"},\"wordCount\":153,\"publisher\":{\"@id\":\"https:\/\/ontologiatrinitaria.org\/es\/#organization\"},\"image\":{\"@id\":\"https:\/\/ontologiatrinitaria.org\/es\/fenomenologia-de-la-creacion-con-el-prof-pierangelo-sequeri-25-de-marzo-de-2025\/#primaryimage\"},\"thumbnailUrl\":\"https:\/\/ontologiatrinitaria.org\/wp-content\/uploads\/2025\/03\/20250325Seminario-scaled.jpg\",\"articleSection\":[\"Italia\"],\"inLanguage\":\"es\"},{\"@type\":\"WebPage\",\"@id\":\"https:\/\/ontologiatrinitaria.org\/es\/fenomenologia-de-la-creacion-con-el-prof-pierangelo-sequeri-25-de-marzo-de-2025\/\",\"url\":\"https:\/\/ontologiatrinitaria.org\/es\/fenomenologia-de-la-creacion-con-el-prof-pierangelo-sequeri-25-de-marzo-de-2025\/\",\"name\":\"\u00abFenomenolog\u00eda de la Creaci\u00f3n\u00bb con el prof. Pierangelo Sequeri (25 de marzo de 2025) - Ontologia Trinitaria\",\"isPartOf\":{\"@id\":\"https:\/\/ontologiatrinitaria.org\/es\/#website\"},\"primaryImageOfPage\":{\"@id\":\"https:\/\/ontologiatrinitaria.org\/es\/fenomenologia-de-la-creacion-con-el-prof-pierangelo-sequeri-25-de-marzo-de-2025\/#primaryimage\"},\"image\":{\"@id\":\"https:\/\/ontologiatrinitaria.org\/es\/fenomenologia-de-la-creacion-con-el-prof-pierangelo-sequeri-25-de-marzo-de-2025\/#primaryimage\"},\"thumbnailUrl\":\"https:\/\/ontologiatrinitaria.org\/wp-content\/uploads\/2025\/03\/20250325Seminario-scaled.jpg\",\"datePublished\":\"2025-03-20T18:18:31+00:00\",\"dateModified\":\"2026-03-11T15:41:32+00:00\",\"breadcrumb\":{\"@id\":\"https:\/\/ontologiatrinitaria.org\/es\/fenomenologia-de-la-creacion-con-el-prof-pierangelo-sequeri-25-de-marzo-de-2025\/#breadcrumb\"},\"inLanguage\":\"es\",\"potentialAction\":[{\"@type\":\"ReadAction\",\"target\":[\"https:\/\/ontologiatrinitaria.org\/es\/fenomenologia-de-la-creacion-con-el-prof-pierangelo-sequeri-25-de-marzo-de-2025\/\"]}]},{\"@type\":\"ImageObject\",\"inLanguage\":\"es\",\"@id\":\"https:\/\/ontologiatrinitaria.org\/es\/fenomenologia-de-la-creacion-con-el-prof-pierangelo-sequeri-25-de-marzo-de-2025\/#primaryimage\",\"url\":\"https:\/\/ontologiatrinitaria.org\/wp-content\/uploads\/2025\/03\/20250325Seminario-scaled.jpg\",\"contentUrl\":\"https:\/\/ontologiatrinitaria.org\/wp-content\/uploads\/2025\/03\/20250325Seminario-scaled.jpg\",\"width\":2560,\"height\":954},{\"@type\":\"BreadcrumbList\",\"@id\":\"https:\/\/ontologiatrinitaria.org\/es\/fenomenologia-de-la-creacion-con-el-prof-pierangelo-sequeri-25-de-marzo-de-2025\/#breadcrumb\",\"itemListElement\":[{\"@type\":\"ListItem\",\"position\":1,\"name\":\"Home\",\"item\":\"https:\/\/ontologiatrinitaria.org\/es\/\"},{\"@type\":\"ListItem\",\"position\":2,\"name\":\"\u00abFenomenolog\u00eda de la Creaci\u00f3n\u00bb con el prof. Pierangelo Sequeri (25 de marzo de 2025)\"}]},{\"@type\":\"WebSite\",\"@id\":\"https:\/\/ontologiatrinitaria.org\/es\/#website\",\"url\":\"https:\/\/ontologiatrinitaria.org\/es\/\",\"name\":\"Ontologia Trinitaria\",\"description\":\"Itinerari e ricerche\",\"publisher\":{\"@id\":\"https:\/\/ontologiatrinitaria.org\/es\/#organization\"},\"potentialAction\":[{\"@type\":\"SearchAction\",\"target\":{\"@type\":\"EntryPoint\",\"urlTemplate\":\"https:\/\/ontologiatrinitaria.org\/es\/?s={search_term_string}\"},\"query-input\":{\"@type\":\"PropertyValueSpecification\",\"valueRequired\":true,\"valueName\":\"search_term_string\"}}],\"inLanguage\":\"es\"},{\"@type\":\"Organization\",\"@id\":\"https:\/\/ontologiatrinitaria.org\/es\/#organization\",\"name\":\"Ontologia Trinitaria\",\"url\":\"https:\/\/ontologiatrinitaria.org\/es\/\",\"logo\":{\"@type\":\"ImageObject\",\"inLanguage\":\"es\",\"@id\":\"https:\/\/ontologiatrinitaria.org\/es\/#\/schema\/logo\/image\/\",\"url\":\"https:\/\/ontologiatrinitaria.org\/wp-content\/uploads\/2025\/06\/logo_colore2.png\",\"contentUrl\":\"https:\/\/ontologiatrinitaria.org\/wp-content\/uploads\/2025\/06\/logo_colore2.png\",\"width\":402,\"height\":169,\"caption\":\"Ontologia Trinitaria\"},\"image\":{\"@id\":\"https:\/\/ontologiatrinitaria.org\/es\/#\/schema\/logo\/image\/\"},\"sameAs\":[\"https:\/\/www.facebook.com\/ontologiatrinitaria\",\"https:\/\/www.instagram.com\/ontologiatrinitaria\/\"]},{\"@type\":\"Person\",\"@id\":\"https:\/\/ontologiatrinitaria.org\/es\/#\/schema\/person\/ee5d90536872f1469195cf0363cff6ed\",\"name\":\"OT\",\"image\":{\"@type\":\"ImageObject\",\"inLanguage\":\"es\",\"@id\":\"https:\/\/secure.gravatar.com\/avatar\/71d4a5d5aff01f1a70ca9a88d0b5c92e05f68cacd434993e2269f7d766c57851?s=96&d=mm&r=g\",\"url\":\"https:\/\/secure.gravatar.com\/avatar\/71d4a5d5aff01f1a70ca9a88d0b5c92e05f68cacd434993e2269f7d766c57851?s=96&d=mm&r=g\",\"contentUrl\":\"https:\/\/secure.gravatar.com\/avatar\/71d4a5d5aff01f1a70ca9a88d0b5c92e05f68cacd434993e2269f7d766c57851?s=96&d=mm&r=g\",\"caption\":\"OT\"},\"url\":\"https:\/\/ontologiatrinitaria.org\/es\/author\/julie_tremblay\/\"}]}<\/script>\n<!-- \/ Yoast SEO plugin. -->","yoast_head_json":{"title":"\u00abFenomenolog\u00eda de la Creaci\u00f3n\u00bb con el prof. Pierangelo Sequeri (25 de marzo de 2025) - Ontologia Trinitaria","robots":{"index":"index","follow":"follow","max-snippet":"max-snippet:-1","max-image-preview":"max-image-preview:large","max-video-preview":"max-video-preview:-1"},"canonical":"https:\/\/ontologiatrinitaria.org\/es\/fenomenologia-de-la-creacion-con-el-prof-pierangelo-sequeri-25-de-marzo-de-2025\/","og_locale":"es_ES","og_type":"article","og_title":"\u00abFenomenolog\u00eda de la Creaci\u00f3n\u00bb con el prof. Pierangelo Sequeri (25 de marzo de 2025) - Ontologia Trinitaria","og_description":"Tras el seminario del pasado mes de enero impartido por el prof. Piero Coda en el Instituto Universitario Sophia, como parte del ciclo de seminarios sobre la Creaci\u00f3n promovido por...","og_url":"https:\/\/ontologiatrinitaria.org\/es\/fenomenologia-de-la-creacion-con-el-prof-pierangelo-sequeri-25-de-marzo-de-2025\/","og_site_name":"Ontologia Trinitaria","article_publisher":"https:\/\/www.facebook.com\/ontologiatrinitaria","article_published_time":"2025-03-20T18:18:31+00:00","article_modified_time":"2026-03-11T15:41:32+00:00","og_image":[{"width":2560,"height":954,"url":"https:\/\/ontologiatrinitaria.org\/wp-content\/uploads\/2025\/03\/20250325Seminario-scaled.jpg","type":"image\/jpeg"}],"author":"OT","twitter_card":"summary_large_image","twitter_misc":{"Escrito por":"OT","Tiempo de lectura":"1 minuto"},"schema":{"@context":"https:\/\/schema.org","@graph":[{"@type":"Article","@id":"https:\/\/ontologiatrinitaria.org\/es\/fenomenologia-de-la-creacion-con-el-prof-pierangelo-sequeri-25-de-marzo-de-2025\/#article","isPartOf":{"@id":"https:\/\/ontologiatrinitaria.org\/es\/fenomenologia-de-la-creacion-con-el-prof-pierangelo-sequeri-25-de-marzo-de-2025\/"},"author":{"name":"OT","@id":"https:\/\/ontologiatrinitaria.org\/es\/#\/schema\/person\/ee5d90536872f1469195cf0363cff6ed"},"headline":"\u00abFenomenolog\u00eda de la Creaci\u00f3n\u00bb con el prof. Pierangelo Sequeri (25 de marzo de 2025)","datePublished":"2025-03-20T18:18:31+00:00","dateModified":"2026-03-11T15:41:32+00:00","mainEntityOfPage":{"@id":"https:\/\/ontologiatrinitaria.org\/es\/fenomenologia-de-la-creacion-con-el-prof-pierangelo-sequeri-25-de-marzo-de-2025\/"},"wordCount":153,"publisher":{"@id":"https:\/\/ontologiatrinitaria.org\/es\/#organization"},"image":{"@id":"https:\/\/ontologiatrinitaria.org\/es\/fenomenologia-de-la-creacion-con-el-prof-pierangelo-sequeri-25-de-marzo-de-2025\/#primaryimage"},"thumbnailUrl":"https:\/\/ontologiatrinitaria.org\/wp-content\/uploads\/2025\/03\/20250325Seminario-scaled.jpg","articleSection":["Italia"],"inLanguage":"es"},{"@type":"WebPage","@id":"https:\/\/ontologiatrinitaria.org\/es\/fenomenologia-de-la-creacion-con-el-prof-pierangelo-sequeri-25-de-marzo-de-2025\/","url":"https:\/\/ontologiatrinitaria.org\/es\/fenomenologia-de-la-creacion-con-el-prof-pierangelo-sequeri-25-de-marzo-de-2025\/","name":"\u00abFenomenolog\u00eda de la Creaci\u00f3n\u00bb con el prof. Pierangelo Sequeri (25 de marzo de 2025) - Ontologia Trinitaria","isPartOf":{"@id":"https:\/\/ontologiatrinitaria.org\/es\/#website"},"primaryImageOfPage":{"@id":"https:\/\/ontologiatrinitaria.org\/es\/fenomenologia-de-la-creacion-con-el-prof-pierangelo-sequeri-25-de-marzo-de-2025\/#primaryimage"},"image":{"@id":"https:\/\/ontologiatrinitaria.org\/es\/fenomenologia-de-la-creacion-con-el-prof-pierangelo-sequeri-25-de-marzo-de-2025\/#primaryimage"},"thumbnailUrl":"https:\/\/ontologiatrinitaria.org\/wp-content\/uploads\/2025\/03\/20250325Seminario-scaled.jpg","datePublished":"2025-03-20T18:18:31+00:00","dateModified":"2026-03-11T15:41:32+00:00","breadcrumb":{"@id":"https:\/\/ontologiatrinitaria.org\/es\/fenomenologia-de-la-creacion-con-el-prof-pierangelo-sequeri-25-de-marzo-de-2025\/#breadcrumb"},"inLanguage":"es","potentialAction":[{"@type":"ReadAction","target":["https:\/\/ontologiatrinitaria.org\/es\/fenomenologia-de-la-creacion-con-el-prof-pierangelo-sequeri-25-de-marzo-de-2025\/"]}]},{"@type":"ImageObject","inLanguage":"es","@id":"https:\/\/ontologiatrinitaria.org\/es\/fenomenologia-de-la-creacion-con-el-prof-pierangelo-sequeri-25-de-marzo-de-2025\/#primaryimage","url":"https:\/\/ontologiatrinitaria.org\/wp-content\/uploads\/2025\/03\/20250325Seminario-scaled.jpg","contentUrl":"https:\/\/ontologiatrinitaria.org\/wp-content\/uploads\/2025\/03\/20250325Seminario-scaled.jpg","width":2560,"height":954},{"@type":"BreadcrumbList","@id":"https:\/\/ontologiatrinitaria.org\/es\/fenomenologia-de-la-creacion-con-el-prof-pierangelo-sequeri-25-de-marzo-de-2025\/#breadcrumb","itemListElement":[{"@type":"ListItem","position":1,"name":"Home","item":"https:\/\/ontologiatrinitaria.org\/es\/"},{"@type":"ListItem","position":2,"name":"\u00abFenomenolog\u00eda de la Creaci\u00f3n\u00bb con el prof. Pierangelo Sequeri (25 de marzo de 2025)"}]},{"@type":"WebSite","@id":"https:\/\/ontologiatrinitaria.org\/es\/#website","url":"https:\/\/ontologiatrinitaria.org\/es\/","name":"Ontologia Trinitaria","description":"Itinerari e ricerche","publisher":{"@id":"https:\/\/ontologiatrinitaria.org\/es\/#organization"},"potentialAction":[{"@type":"SearchAction","target":{"@type":"EntryPoint","urlTemplate":"https:\/\/ontologiatrinitaria.org\/es\/?s={search_term_string}"},"query-input":{"@type":"PropertyValueSpecification","valueRequired":true,"valueName":"search_term_string"}}],"inLanguage":"es"},{"@type":"Organization","@id":"https:\/\/ontologiatrinitaria.org\/es\/#organization","name":"Ontologia Trinitaria","url":"https:\/\/ontologiatrinitaria.org\/es\/","logo":{"@type":"ImageObject","inLanguage":"es","@id":"https:\/\/ontologiatrinitaria.org\/es\/#\/schema\/logo\/image\/","url":"https:\/\/ontologiatrinitaria.org\/wp-content\/uploads\/2025\/06\/logo_colore2.png","contentUrl":"https:\/\/ontologiatrinitaria.org\/wp-content\/uploads\/2025\/06\/logo_colore2.png","width":402,"height":169,"caption":"Ontologia Trinitaria"},"image":{"@id":"https:\/\/ontologiatrinitaria.org\/es\/#\/schema\/logo\/image\/"},"sameAs":["https:\/\/www.facebook.com\/ontologiatrinitaria","https:\/\/www.instagram.com\/ontologiatrinitaria\/"]},{"@type":"Person","@id":"https:\/\/ontologiatrinitaria.org\/es\/#\/schema\/person\/ee5d90536872f1469195cf0363cff6ed","name":"OT","image":{"@type":"ImageObject","inLanguage":"es","@id":"https:\/\/secure.gravatar.com\/avatar\/71d4a5d5aff01f1a70ca9a88d0b5c92e05f68cacd434993e2269f7d766c57851?s=96&d=mm&r=g","url":"https:\/\/secure.gravatar.com\/avatar\/71d4a5d5aff01f1a70ca9a88d0b5c92e05f68cacd434993e2269f7d766c57851?s=96&d=mm&r=g","contentUrl":"https:\/\/secure.gravatar.com\/avatar\/71d4a5d5aff01f1a70ca9a88d0b5c92e05f68cacd434993e2269f7d766c57851?s=96&d=mm&r=g","caption":"OT"},"url":"https:\/\/ontologiatrinitaria.org\/es\/author\/julie_tremblay\/"}]}},"_links":{"self":[{"href":"https:\/\/ontologiatrinitaria.org\/es\/wp-json\/wp\/v2\/posts\/5579","targetHints":{"allow":["GET"]}}],"collection":[{"href":"https:\/\/ontologiatrinitaria.org\/es\/wp-json\/wp\/v2\/posts"}],"about":[{"href":"https:\/\/ontologiatrinitaria.org\/es\/wp-json\/wp\/v2\/types\/post"}],"author":[{"embeddable":true,"href":"https:\/\/ontologiatrinitaria.org\/es\/wp-json\/wp\/v2\/users\/5"}],"replies":[{"embeddable":true,"href":"https:\/\/ontologiatrinitaria.org\/es\/wp-json\/wp\/v2\/comments?post=5579"}],"version-history":[{"count":1,"href":"https:\/\/ontologiatrinitaria.org\/es\/wp-json\/wp\/v2\/posts\/5579\/revisions"}],"predecessor-version":[{"id":5580,"href":"https:\/\/ontologiatrinitaria.org\/es\/wp-json\/wp\/v2\/posts\/5579\/revisions\/5580"}],"wp:featuredmedia":[{"embeddable":true,"href":"https:\/\/ontologiatrinitaria.org\/es\/wp-json\/wp\/v2\/media\/5462"}],"wp:attachment":[{"href":"https:\/\/ontologiatrinitaria.org\/es\/wp-json\/wp\/v2\/media?parent=5579"}],"wp:term":[{"taxonomy":"category","embeddable":true,"href":"https:\/\/ontologiatrinitaria.org\/es\/wp-json\/wp\/v2\/categories?post=5579"},{"taxonomy":"post_tag","embeddable":true,"href":"https:\/\/ontologiatrinitaria.org\/es\/wp-json\/wp\/v2\/tags?post=5579"}],"curies":[{"name":"wp","href":"https:\/\/api.w.org\/{rel}","templated":true}]}}